{"id":4037,"date":"2026-03-18T15:40:07","date_gmt":"2026-03-18T13:40:07","guid":{"rendered":"https:\/\/epcg-sg.com\/solar-gradnja-doo-postala-clan-unije-poslodavaca-crne-gore-saveznistvo-za-zelenu-tranziciju-crnogorskog-biznisa\/"},"modified":"2026-03-18T15:42:52","modified_gmt":"2026-03-18T13:42:52","slug":"solar-gradnja-doo-postala-clan-unije-poslodavaca-crne-gore-saveznistvo-za-zelenu-tranziciju-crnogorskog-biznisa","status":"publish","type":"post","link":"https:\/\/epcg-sg.com\/lat\/solar-gradnja-doo-postala-clan-unije-poslodavaca-crne-gore-saveznistvo-za-zelenu-tranziciju-crnogorskog-biznisa\/","title":{"rendered":"Solar Gradnja DOO postala \u010dlan Unije poslodavaca Crne Gore: Savezni\u0161tvo za zelenu tranziciju crnogorskog biznisa"},"content":{"rendered":"\t\t<div data-elementor-type=\"wp-post\" data-elementor-id=\"4037\" class=\"elementor elementor-4037 elementor-4023\" data-elementor-post-type=\"post\">\n\t\t\t\t<div class=\"elementor-element elementor-element-6d7ae24 e-flex e-con-boxed e-con e-parent\" data-id=\"6d7ae24\" data-element_type=\"container\" data-e-type=\"container\" data-settings=\"{&quot;jet_parallax_layout_list&quot;:[]}\">\n\t\t\t\t\t<div class=\"e-con-inner\">\n\t\t\t\t<div class=\"elementor-element elementor-element-646ba85 elementor-widget elementor-widget-image\" data-id=\"646ba85\" data-element_type=\"widget\" data-e-type=\"widget\" data-widget_type=\"image.default\">\n\t\t\t\t<div class=\"elementor-widget-container\">\n\t\t\t\t\t\t\t\t\t\t\t\t\t\t\t<img fetchpriority=\"high\" decoding=\"async\" width=\"1600\" height=\"1200\" src=\"https:\/\/epcg-sg.com\/wp-content\/uploads\/2026\/03\/original-1401006B-2A7E-4500-940C-A246EB2E0EC2.jpeg\" class=\"attachment-full size-full wp-image-4030\" alt=\"\" srcset=\"https:\/\/epcg-sg.com\/wp-content\/uploads\/2026\/03\/original-1401006B-2A7E-4500-940C-A246EB2E0EC2.jpeg 1600w, https:\/\/epcg-sg.com\/wp-content\/uploads\/2026\/03\/original-1401006B-2A7E-4500-940C-A246EB2E0EC2-300x225.jpeg 300w, https:\/\/epcg-sg.com\/wp-content\/uploads\/2026\/03\/original-1401006B-2A7E-4500-940C-A246EB2E0EC2-1024x768.jpeg 1024w, https:\/\/epcg-sg.com\/wp-content\/uploads\/2026\/03\/original-1401006B-2A7E-4500-940C-A246EB2E0EC2-768x576.jpeg 768w, https:\/\/epcg-sg.com\/wp-content\/uploads\/2026\/03\/original-1401006B-2A7E-4500-940C-A246EB2E0EC2-1536x1152.jpeg 1536w\" sizes=\"(max-width: 1600px) 100vw, 1600px\" \/>\t\t\t\t\t\t\t\t\t\t\t\t\t\t\t<\/div>\n\t\t\t\t<\/div>\n\t\t\t\t<div class=\"elementor-element elementor-element-b6266e2 elementor-widget elementor-widget-text-editor\" data-id=\"b6266e2\" data-element_type=\"widget\" data-e-type=\"widget\" data-widget_type=\"text-editor.default\">\n\t\t\t\t<div class=\"elementor-widget-container\">\n\t\t\t\t\t\t\t\t\t<p>Danas je u prostorijama Unije poslodavaca Crne Gore uprili\u010den sastanak povodom pristupanja energetske kompanije \u2018\u2019Solar Gradnja\u2019\u2019 Uniji poslodavaca Crne Gore.<\/p>\n<p>Rukovodstva Solara i UPCG izrazili su zadovoljstvo zbog budu\u0107e saradnje u svim oblastima od obostranog zna\u010daja, sa posebnim akcentom na oblast zelene tranzicije i obnovljivih izvora energije. Misija \u2018\u2019Solar gradnje\u2019\u2019 je da podstakne sve poslovne subjekte da koriste obnovljive izvore energije, i tako ostvare zna\u010dajne u\u0161tede u tro\u0161kovima za struju, ali i uti\u010du na \u017eivotnu sredinu koriste\u0107i \u010diste kilovate elektri\u010dne energije.<\/p>\n<p>Ova saradnja je va\u017ena i zbog izazova pravedne tranzicije i uspostavljanja balansa izme\u0111u interesa svijeta rada i svijeta kapitala.<\/p>\n\t\t\t\t\t\t\t\t<\/div>\n\t\t\t\t<\/div>\n\t\t\t\t\t<\/div>\n\t\t\t\t<\/div>\n\t\t\t\t<\/div>\n\t\t","protected":false},"excerpt":{"rendered":"<p>Danas je u prostorijama Unije poslodavaca Crne Gore uprili\u010den sastanak povodom pristupanja energetske kompanije \u2018\u2019Solar Gradnja\u2019\u2019 Uniji poslodavaca Crne Gore.<\/p>\n","protected":false},"author":1,"featured_media":4030,"comment_status":"closed","ping_status":"closed","sticky":false,"template":"","format":"standard","meta":{"footnotes":""},"categories":[19],"tags":[],"class_list":["post-4037","post","type-post","status-publish","format-standard","has-post-thumbnail","hentry","category-kategorija-vijesti-lat"],"yoast_head":"<!-- This site is optimized with the Yoast SEO plugin v27.2 - https:\/\/yoast.com\/product\/yoast-seo-wordpress\/ -->\n<title>Solar Gradnja DOO postala \u010dlan Unije poslodavaca Crne Gore: Savezni\u0161tvo za zelenu tranziciju crnogorskog biznisa - Solar gradnja<\/title>\n<meta name=\"description\" content=\"Danas je u prostorijama Unije poslodavaca Crne Gore uprili\u010den sastanak povodom pristupanja energetske kompanije \u2018\u2019Solar Gradnja\u2019\u2019 Uniji poslodavaca Crne Gore.\" \/>\n<meta name=\"robots\" content=\"index, follow, max-snippet:-1, max-image-preview:large, max-video-preview:-1\" \/>\n<link rel=\"canonical\" href=\"https:\/\/epcg-sg.com\/lat\/solar-gradnja-doo-postala-clan-unije-poslodavaca-crne-gore-saveznistvo-za-zelenu-tranziciju-crnogorskog-biznisa\/\" \/>\n<meta property=\"og:locale\" content=\"en_US\" \/>\n<meta property=\"og:type\" content=\"article\" \/>\n<meta property=\"og:title\" content=\"Solar Gradnja DOO postala \u010dlan Unije poslodavaca Crne Gore: Savezni\u0161tvo za zelenu tranziciju crnogorskog biznisa - Solar gradnja\" \/>\n<meta property=\"og:description\" content=\"Danas je u prostorijama Unije poslodavaca Crne Gore uprili\u010den sastanak povodom pristupanja energetske kompanije \u2018\u2019Solar Gradnja\u2019\u2019 Uniji poslodavaca Crne Gore.\" \/>\n<meta property=\"og:url\" content=\"https:\/\/epcg-sg.com\/lat\/solar-gradnja-doo-postala-clan-unije-poslodavaca-crne-gore-saveznistvo-za-zelenu-tranziciju-crnogorskog-biznisa\/\" \/>\n<meta property=\"og:site_name\" content=\"Solar gradnja\" \/>\n<meta property=\"article:publisher\" content=\"https:\/\/www.facebook.com\/solargradnjaofficialpage\" \/>\n<meta property=\"article:published_time\" content=\"2026-03-18T13:40:07+00:00\" \/>\n<meta property=\"article:modified_time\" content=\"2026-03-18T13:42:52+00:00\" \/>\n<meta property=\"og:image\" content=\"https:\/\/epcg-sg.com\/wp-content\/uploads\/2026\/03\/original-1401006B-2A7E-4500-940C-A246EB2E0EC2.jpeg\" \/>\n\t<meta property=\"og:image:width\" content=\"1600\" \/>\n\t<meta property=\"og:image:height\" content=\"1200\" \/>\n\t<meta property=\"og:image:type\" content=\"image\/jpeg\" \/>\n<meta name=\"author\" content=\"andrija\" \/>\n<meta name=\"twitter:card\" content=\"summary_large_image\" \/>\n<meta name=\"twitter:creator\" content=\"@EpcgSolar\" \/>\n<meta name=\"twitter:site\" content=\"@EpcgSolar\" \/>\n<script type=\"application\/ld+json\" class=\"yoast-schema-graph\">{\"@context\":\"https:\/\/schema.org\",\"@graph\":[{\"@type\":\"Article\",\"@id\":\"https:\/\/epcg-sg.com\/lat\/solar-gradnja-doo-postala-clan-unije-poslodavaca-crne-gore-saveznistvo-za-zelenu-tranziciju-crnogorskog-biznisa\/#article\",\"isPartOf\":{\"@id\":\"https:\/\/epcg-sg.com\/lat\/solar-gradnja-doo-postala-clan-unije-poslodavaca-crne-gore-saveznistvo-za-zelenu-tranziciju-crnogorskog-biznisa\/\"},\"author\":{\"name\":\"andrija\",\"@id\":\"https:\/\/epcg-sg.com\/lat\/#\/schema\/person\/ab3ed7d89cd132bf05a984825ae8b480\"},\"headline\":\"Solar Gradnja DOO postala \u010dlan Unije poslodavaca Crne Gore: Savezni\u0161tvo za zelenu tranziciju crnogorskog biznisa\",\"datePublished\":\"2026-03-18T13:40:07+00:00\",\"dateModified\":\"2026-03-18T13:42:52+00:00\",\"mainEntityOfPage\":{\"@id\":\"https:\/\/epcg-sg.com\/lat\/solar-gradnja-doo-postala-clan-unije-poslodavaca-crne-gore-saveznistvo-za-zelenu-tranziciju-crnogorskog-biznisa\/\"},\"wordCount\":127,\"publisher\":{\"@id\":\"https:\/\/epcg-sg.com\/lat\/#organization\"},\"image\":{\"@id\":\"https:\/\/epcg-sg.com\/lat\/solar-gradnja-doo-postala-clan-unije-poslodavaca-crne-gore-saveznistvo-za-zelenu-tranziciju-crnogorskog-biznisa\/#primaryimage\"},\"thumbnailUrl\":\"https:\/\/epcg-sg.com\/wp-content\/uploads\/2026\/03\/original-1401006B-2A7E-4500-940C-A246EB2E0EC2.jpeg\",\"articleSection\":[\"Vijesti\"],\"inLanguage\":\"lat\"},{\"@type\":\"WebPage\",\"@id\":\"https:\/\/epcg-sg.com\/lat\/solar-gradnja-doo-postala-clan-unije-poslodavaca-crne-gore-saveznistvo-za-zelenu-tranziciju-crnogorskog-biznisa\/\",\"url\":\"https:\/\/epcg-sg.com\/lat\/solar-gradnja-doo-postala-clan-unije-poslodavaca-crne-gore-saveznistvo-za-zelenu-tranziciju-crnogorskog-biznisa\/\",\"name\":\"Solar Gradnja DOO postala \u010dlan Unije poslodavaca Crne Gore: Savezni\u0161tvo za zelenu tranziciju crnogorskog biznisa - Solar gradnja\",\"isPartOf\":{\"@id\":\"https:\/\/epcg-sg.com\/lat\/#website\"},\"primaryImageOfPage\":{\"@id\":\"https:\/\/epcg-sg.com\/lat\/solar-gradnja-doo-postala-clan-unije-poslodavaca-crne-gore-saveznistvo-za-zelenu-tranziciju-crnogorskog-biznisa\/#primaryimage\"},\"image\":{\"@id\":\"https:\/\/epcg-sg.com\/lat\/solar-gradnja-doo-postala-clan-unije-poslodavaca-crne-gore-saveznistvo-za-zelenu-tranziciju-crnogorskog-biznisa\/#primaryimage\"},\"thumbnailUrl\":\"https:\/\/epcg-sg.com\/wp-content\/uploads\/2026\/03\/original-1401006B-2A7E-4500-940C-A246EB2E0EC2.jpeg\",\"datePublished\":\"2026-03-18T13:40:07+00:00\",\"dateModified\":\"2026-03-18T13:42:52+00:00\",\"description\":\"Danas je u prostorijama Unije poslodavaca Crne Gore uprili\u010den sastanak povodom pristupanja energetske kompanije \u2018\u2019Solar Gradnja\u2019\u2019 Uniji poslodavaca Crne Gore.\",\"breadcrumb\":{\"@id\":\"https:\/\/epcg-sg.com\/lat\/solar-gradnja-doo-postala-clan-unije-poslodavaca-crne-gore-saveznistvo-za-zelenu-tranziciju-crnogorskog-biznisa\/#breadcrumb\"},\"inLanguage\":\"lat\",\"potentialAction\":[{\"@type\":\"ReadAction\",\"target\":[\"https:\/\/epcg-sg.com\/lat\/solar-gradnja-doo-postala-clan-unije-poslodavaca-crne-gore-saveznistvo-za-zelenu-tranziciju-crnogorskog-biznisa\/\"]}]},{\"@type\":\"ImageObject\",\"inLanguage\":\"lat\",\"@id\":\"https:\/\/epcg-sg.com\/lat\/solar-gradnja-doo-postala-clan-unije-poslodavaca-crne-gore-saveznistvo-za-zelenu-tranziciju-crnogorskog-biznisa\/#primaryimage\",\"url\":\"https:\/\/epcg-sg.com\/wp-content\/uploads\/2026\/03\/original-1401006B-2A7E-4500-940C-A246EB2E0EC2.jpeg\",\"contentUrl\":\"https:\/\/epcg-sg.com\/wp-content\/uploads\/2026\/03\/original-1401006B-2A7E-4500-940C-A246EB2E0EC2.jpeg\",\"width\":1600,\"height\":1200},{\"@type\":\"BreadcrumbList\",\"@id\":\"https:\/\/epcg-sg.com\/lat\/solar-gradnja-doo-postala-clan-unije-poslodavaca-crne-gore-saveznistvo-za-zelenu-tranziciju-crnogorskog-biznisa\/#breadcrumb\",\"itemListElement\":[{\"@type\":\"ListItem\",\"position\":1,\"name\":\"PO\u010cETNA\",\"item\":\"https:\/\/epcg-sg.com\/lat\/\"},{\"@type\":\"ListItem\",\"position\":2,\"name\":\"Solar Gradnja DOO postala \u010dlan Unije poslodavaca Crne Gore: Savezni\u0161tvo za zelenu tranziciju crnogorskog biznisa\"}]},{\"@type\":\"WebSite\",\"@id\":\"https:\/\/epcg-sg.com\/lat\/#website\",\"url\":\"https:\/\/epcg-sg.com\/lat\/\",\"name\":\"\u0415\u041f\u0426\u0413 \u0421\u043e\u043b\u0430\u0440 \u0433\u0440\u0430\u0434\u045a\u0430\",\"description\":\"Elektroprivreda Crne Gore\",\"publisher\":{\"@id\":\"https:\/\/epcg-sg.com\/lat\/#organization\"},\"potentialAction\":[{\"@type\":\"SearchAction\",\"target\":{\"@type\":\"EntryPoint\",\"urlTemplate\":\"https:\/\/epcg-sg.com\/lat\/?s={search_term_string}\"},\"query-input\":{\"@type\":\"PropertyValueSpecification\",\"valueRequired\":true,\"valueName\":\"search_term_string\"}}],\"inLanguage\":\"lat\"},{\"@type\":\"Organization\",\"@id\":\"https:\/\/epcg-sg.com\/lat\/#organization\",\"name\":\"EPCG Solar gradnja\",\"url\":\"https:\/\/epcg-sg.com\/lat\/\",\"logo\":{\"@type\":\"ImageObject\",\"inLanguage\":\"lat\",\"@id\":\"https:\/\/epcg-sg.com\/lat\/#\/schema\/logo\/image\/\",\"url\":\"\",\"contentUrl\":\"\",\"caption\":\"EPCG Solar gradnja\"},\"image\":{\"@id\":\"https:\/\/epcg-sg.com\/lat\/#\/schema\/logo\/image\/\"},\"sameAs\":[\"https:\/\/www.facebook.com\/solargradnjaofficialpage\",\"https:\/\/x.com\/EpcgSolar\"]},{\"@type\":\"Person\",\"@id\":\"https:\/\/epcg-sg.com\/lat\/#\/schema\/person\/ab3ed7d89cd132bf05a984825ae8b480\",\"name\":\"andrija\",\"sameAs\":[\"https:\/\/epcg-sg.com\"]}]}<\/script>\n<!-- \/ Yoast SEO plugin. -->","yoast_head_json":{"title":"Solar Gradnja DOO postala \u010dlan Unije poslodavaca Crne Gore: Savezni\u0161tvo za zelenu tranziciju crnogorskog biznisa - Solar gradnja","description":"Danas je u prostorijama Unije poslodavaca Crne Gore uprili\u010den sastanak povodom pristupanja energetske kompanije \u2018\u2019Solar Gradnja\u2019\u2019 Uniji poslodavaca Crne Gore.","robots":{"index":"index","follow":"follow","max-snippet":"max-snippet:-1","max-image-preview":"max-image-preview:large","max-video-preview":"max-video-preview:-1"},"canonical":"https:\/\/epcg-sg.com\/lat\/solar-gradnja-doo-postala-clan-unije-poslodavaca-crne-gore-saveznistvo-za-zelenu-tranziciju-crnogorskog-biznisa\/","og_locale":"en_US","og_type":"article","og_title":"Solar Gradnja DOO postala \u010dlan Unije poslodavaca Crne Gore: Savezni\u0161tvo za zelenu tranziciju crnogorskog biznisa - Solar gradnja","og_description":"Danas je u prostorijama Unije poslodavaca Crne Gore uprili\u010den sastanak povodom pristupanja energetske kompanije \u2018\u2019Solar Gradnja\u2019\u2019 Uniji poslodavaca Crne Gore.","og_url":"https:\/\/epcg-sg.com\/lat\/solar-gradnja-doo-postala-clan-unije-poslodavaca-crne-gore-saveznistvo-za-zelenu-tranziciju-crnogorskog-biznisa\/","og_site_name":"Solar gradnja","article_publisher":"https:\/\/www.facebook.com\/solargradnjaofficialpage","article_published_time":"2026-03-18T13:40:07+00:00","article_modified_time":"2026-03-18T13:42:52+00:00","og_image":[{"width":1600,"height":1200,"url":"https:\/\/epcg-sg.com\/wp-content\/uploads\/2026\/03\/original-1401006B-2A7E-4500-940C-A246EB2E0EC2.jpeg","type":"image\/jpeg"}],"author":"andrija","twitter_card":"summary_large_image","twitter_creator":"@EpcgSolar","twitter_site":"@EpcgSolar","schema":{"@context":"https:\/\/schema.org","@graph":[{"@type":"Article","@id":"https:\/\/epcg-sg.com\/lat\/solar-gradnja-doo-postala-clan-unije-poslodavaca-crne-gore-saveznistvo-za-zelenu-tranziciju-crnogorskog-biznisa\/#article","isPartOf":{"@id":"https:\/\/epcg-sg.com\/lat\/solar-gradnja-doo-postala-clan-unije-poslodavaca-crne-gore-saveznistvo-za-zelenu-tranziciju-crnogorskog-biznisa\/"},"author":{"name":"andrija","@id":"https:\/\/epcg-sg.com\/lat\/#\/schema\/person\/ab3ed7d89cd132bf05a984825ae8b480"},"headline":"Solar Gradnja DOO postala \u010dlan Unije poslodavaca Crne Gore: Savezni\u0161tvo za zelenu tranziciju crnogorskog biznisa","datePublished":"2026-03-18T13:40:07+00:00","dateModified":"2026-03-18T13:42:52+00:00","mainEntityOfPage":{"@id":"https:\/\/epcg-sg.com\/lat\/solar-gradnja-doo-postala-clan-unije-poslodavaca-crne-gore-saveznistvo-za-zelenu-tranziciju-crnogorskog-biznisa\/"},"wordCount":127,"publisher":{"@id":"https:\/\/epcg-sg.com\/lat\/#organization"},"image":{"@id":"https:\/\/epcg-sg.com\/lat\/solar-gradnja-doo-postala-clan-unije-poslodavaca-crne-gore-saveznistvo-za-zelenu-tranziciju-crnogorskog-biznisa\/#primaryimage"},"thumbnailUrl":"https:\/\/epcg-sg.com\/wp-content\/uploads\/2026\/03\/original-1401006B-2A7E-4500-940C-A246EB2E0EC2.jpeg","articleSection":["Vijesti"],"inLanguage":"lat"},{"@type":"WebPage","@id":"https:\/\/epcg-sg.com\/lat\/solar-gradnja-doo-postala-clan-unije-poslodavaca-crne-gore-saveznistvo-za-zelenu-tranziciju-crnogorskog-biznisa\/","url":"https:\/\/epcg-sg.com\/lat\/solar-gradnja-doo-postala-clan-unije-poslodavaca-crne-gore-saveznistvo-za-zelenu-tranziciju-crnogorskog-biznisa\/","name":"Solar Gradnja DOO postala \u010dlan Unije poslodavaca Crne Gore: Savezni\u0161tvo za zelenu tranziciju crnogorskog biznisa - Solar gradnja","isPartOf":{"@id":"https:\/\/epcg-sg.com\/lat\/#website"},"primaryImageOfPage":{"@id":"https:\/\/epcg-sg.com\/lat\/solar-gradnja-doo-postala-clan-unije-poslodavaca-crne-gore-saveznistvo-za-zelenu-tranziciju-crnogorskog-biznisa\/#primaryimage"},"image":{"@id":"https:\/\/epcg-sg.com\/lat\/solar-gradnja-doo-postala-clan-unije-poslodavaca-crne-gore-saveznistvo-za-zelenu-tranziciju-crnogorskog-biznisa\/#primaryimage"},"thumbnailUrl":"https:\/\/epcg-sg.com\/wp-content\/uploads\/2026\/03\/original-1401006B-2A7E-4500-940C-A246EB2E0EC2.jpeg","datePublished":"2026-03-18T13:40:07+00:00","dateModified":"2026-03-18T13:42:52+00:00","description":"Danas je u prostorijama Unije poslodavaca Crne Gore uprili\u010den sastanak povodom pristupanja energetske kompanije \u2018\u2019Solar Gradnja\u2019\u2019 Uniji poslodavaca Crne Gore.","breadcrumb":{"@id":"https:\/\/epcg-sg.com\/lat\/solar-gradnja-doo-postala-clan-unije-poslodavaca-crne-gore-saveznistvo-za-zelenu-tranziciju-crnogorskog-biznisa\/#breadcrumb"},"inLanguage":"lat","potentialAction":[{"@type":"ReadAction","target":["https:\/\/epcg-sg.com\/lat\/solar-gradnja-doo-postala-clan-unije-poslodavaca-crne-gore-saveznistvo-za-zelenu-tranziciju-crnogorskog-biznisa\/"]}]},{"@type":"ImageObject","inLanguage":"lat","@id":"https:\/\/epcg-sg.com\/lat\/solar-gradnja-doo-postala-clan-unije-poslodavaca-crne-gore-saveznistvo-za-zelenu-tranziciju-crnogorskog-biznisa\/#primaryimage","url":"https:\/\/epcg-sg.com\/wp-content\/uploads\/2026\/03\/original-1401006B-2A7E-4500-940C-A246EB2E0EC2.jpeg","contentUrl":"https:\/\/epcg-sg.com\/wp-content\/uploads\/2026\/03\/original-1401006B-2A7E-4500-940C-A246EB2E0EC2.jpeg","width":1600,"height":1200},{"@type":"BreadcrumbList","@id":"https:\/\/epcg-sg.com\/lat\/solar-gradnja-doo-postala-clan-unije-poslodavaca-crne-gore-saveznistvo-za-zelenu-tranziciju-crnogorskog-biznisa\/#breadcrumb","itemListElement":[{"@type":"ListItem","position":1,"name":"PO\u010cETNA","item":"https:\/\/epcg-sg.com\/lat\/"},{"@type":"ListItem","position":2,"name":"Solar Gradnja DOO postala \u010dlan Unije poslodavaca Crne Gore: Savezni\u0161tvo za zelenu tranziciju crnogorskog biznisa"}]},{"@type":"WebSite","@id":"https:\/\/epcg-sg.com\/lat\/#website","url":"https:\/\/epcg-sg.com\/lat\/","name":"\u0415\u041f\u0426\u0413 \u0421\u043e\u043b\u0430\u0440 \u0433\u0440\u0430\u0434\u045a\u0430","description":"Elektroprivreda Crne Gore","publisher":{"@id":"https:\/\/epcg-sg.com\/lat\/#organization"},"potentialAction":[{"@type":"SearchAction","target":{"@type":"EntryPoint","urlTemplate":"https:\/\/epcg-sg.com\/lat\/?s={search_term_string}"},"query-input":{"@type":"PropertyValueSpecification","valueRequired":true,"valueName":"search_term_string"}}],"inLanguage":"lat"},{"@type":"Organization","@id":"https:\/\/epcg-sg.com\/lat\/#organization","name":"EPCG Solar gradnja","url":"https:\/\/epcg-sg.com\/lat\/","logo":{"@type":"ImageObject","inLanguage":"lat","@id":"https:\/\/epcg-sg.com\/lat\/#\/schema\/logo\/image\/","url":"","contentUrl":"","caption":"EPCG Solar gradnja"},"image":{"@id":"https:\/\/epcg-sg.com\/lat\/#\/schema\/logo\/image\/"},"sameAs":["https:\/\/www.facebook.com\/solargradnjaofficialpage","https:\/\/x.com\/EpcgSolar"]},{"@type":"Person","@id":"https:\/\/epcg-sg.com\/lat\/#\/schema\/person\/ab3ed7d89cd132bf05a984825ae8b480","name":"andrija","sameAs":["https:\/\/epcg-sg.com"]}]}},"_links":{"self":[{"href":"https:\/\/epcg-sg.com\/lat\/wp-json\/wp\/v2\/posts\/4037","targetHints":{"allow":["GET"]}}],"collection":[{"href":"https:\/\/epcg-sg.com\/lat\/wp-json\/wp\/v2\/posts"}],"about":[{"href":"https:\/\/epcg-sg.com\/lat\/wp-json\/wp\/v2\/types\/post"}],"author":[{"embeddable":true,"href":"https:\/\/epcg-sg.com\/lat\/wp-json\/wp\/v2\/users\/1"}],"replies":[{"embeddable":true,"href":"https:\/\/epcg-sg.com\/lat\/wp-json\/wp\/v2\/comments?post=4037"}],"version-history":[{"count":1,"href":"https:\/\/epcg-sg.com\/lat\/wp-json\/wp\/v2\/posts\/4037\/revisions"}],"predecessor-version":[{"id":4038,"href":"https:\/\/epcg-sg.com\/lat\/wp-json\/wp\/v2\/posts\/4037\/revisions\/4038"}],"wp:featuredmedia":[{"embeddable":true,"href":"https:\/\/epcg-sg.com\/lat\/wp-json\/wp\/v2\/media\/4030"}],"wp:attachment":[{"href":"https:\/\/epcg-sg.com\/lat\/wp-json\/wp\/v2\/media?parent=4037"}],"wp:term":[{"taxonomy":"category","embeddable":true,"href":"https:\/\/epcg-sg.com\/lat\/wp-json\/wp\/v2\/categories?post=4037"},{"taxonomy":"post_tag","embeddable":true,"href":"https:\/\/epcg-sg.com\/lat\/wp-json\/wp\/v2\/tags?post=4037"}],"curies":[{"name":"wp","href":"https:\/\/api.w.org\/{rel}","templated":true}]}}