{"id":3989,"date":"2025-12-11T16:06:47","date_gmt":"2025-12-11T14:06:47","guid":{"rendered":"https:\/\/epcg-sg.com\/realizacija-iznad-plana-sanja-zugic-i-dalje-v-d-izvrsne-direktorice\/"},"modified":"2025-12-11T16:11:02","modified_gmt":"2025-12-11T14:11:02","slug":"realizacija-iznad-plana-sanja-zugic-i-dalje-v-d-izvrsne-direktorice","status":"publish","type":"post","link":"https:\/\/epcg-sg.com\/lat\/realizacija-iznad-plana-sanja-zugic-i-dalje-v-d-izvrsne-direktorice\/","title":{"rendered":"Realizacija iznad plana, Sanja \u017dugi\u0107 i dalje v.d. izvr\u0161ne direktorice"},"content":{"rendered":"\t\t<div data-elementor-type=\"wp-post\" data-elementor-id=\"3989\" class=\"elementor elementor-3989 elementor-3976\" data-elementor-post-type=\"post\">\n\t\t\t\t<div class=\"elementor-element elementor-element-8b0cc54 e-flex e-con-boxed e-con e-parent\" data-id=\"8b0cc54\" data-element_type=\"container\" data-e-type=\"container\" data-settings=\"{&quot;jet_parallax_layout_list&quot;:[]}\">\n\t\t\t\t\t<div class=\"e-con-inner\">\n\t\t\t\t<div class=\"elementor-element elementor-element-4d5ad31 elementor-widget elementor-widget-image\" data-id=\"4d5ad31\" data-element_type=\"widget\" data-e-type=\"widget\" data-widget_type=\"image.default\">\n\t\t\t\t<div class=\"elementor-widget-container\">\n\t\t\t\t\t\t\t\t\t\t\t\t\t\t\t<img fetchpriority=\"high\" decoding=\"async\" width=\"1600\" height=\"1140\" src=\"https:\/\/epcg-sg.com\/wp-content\/uploads\/2025\/12\/IMG_5845.jpeg\" class=\"attachment-full size-full wp-image-3979\" alt=\"\" srcset=\"https:\/\/epcg-sg.com\/wp-content\/uploads\/2025\/12\/IMG_5845.jpeg 1600w, https:\/\/epcg-sg.com\/wp-content\/uploads\/2025\/12\/IMG_5845-300x214.jpeg 300w, https:\/\/epcg-sg.com\/wp-content\/uploads\/2025\/12\/IMG_5845-1024x730.jpeg 1024w, https:\/\/epcg-sg.com\/wp-content\/uploads\/2025\/12\/IMG_5845-768x547.jpeg 768w, https:\/\/epcg-sg.com\/wp-content\/uploads\/2025\/12\/IMG_5845-1536x1094.jpeg 1536w\" sizes=\"(max-width: 1600px) 100vw, 1600px\" \/>\t\t\t\t\t\t\t\t\t\t\t\t\t\t\t<\/div>\n\t\t\t\t<\/div>\n\t\t\t\t<div class=\"elementor-element elementor-element-a5bf952 elementor-widget elementor-widget-text-editor\" data-id=\"a5bf952\" data-element_type=\"widget\" data-e-type=\"widget\" data-widget_type=\"text-editor.default\">\n\t\t\t\t<div class=\"elementor-widget-container\">\n\t\t\t\t\t\t\t\t\t<p>EPCG Solar gradnja je do 1. decembra ostvarila realizaciju iznad plana za 2025. godinu. Umjesto predvi\u0111enih 30 MW, ve\u0107 tokom prvih 11 mjeseci instalirano je ukupno 36 MW solarnih sistema, saop\u0161teno je na \u0161estoj redovnoj sjednici Odbora direktora. Na sjednici je tako\u0111e navedeno da se o\u010dekuje da i ova poslovna godina bude zavr\u0161ena pozitivnim finansijskim rezultatom.<\/p>\n<p>Odbor direktora ponovo je imenovao Sanju \u017dugi\u0107 za vr\u0161iteljku du\u017enosti izvr\u0161ne direktorice, na period od \u0161est mjeseci, odnosno do raspisivanja konkursa za izbor izvr\u0161nog direktora, imaju\u0107i u vidu rezultate ostvarene u prethodnom periodu.<\/p>\n<p>Zbog pove\u0107anog obima posla i daljeg razvoja projekata, Odbor je usvojio novi Pravilnik o organizaciji i sistematizaciji radnih mjesta, koji donosi prilago\u0111avanje organizacije i preraspodjelu radnih zadataka.<\/p>\n<p>U narednim mjesecima prioritet \u0107e biti realizacija velikih solarnih sistema na tlu &#8211; planirane su dvije elektrane snage 40 MW, kao i nastavak ugradnje krovnih sistema u jo\u0161 ve\u0107em obimu.<\/p>\n<p>Do sada je EPCG Solar gradnja realizovala solarne sisteme na gotovo 9.000 krovova \u0161irom Crne Gore, a kako je ocijenjeno na sjednici, rezultat u 2025. godini potvr\u0111uje dobru organizaciju i efikasnost rada menad\u017ementa i zaposlenih.<\/p>\n<p>Sjednici Odbora direktora prisustvovali su i predstavnici sindikata, a usvojene su i odre\u0111ene procedure u skladu sa preporukama Dr\u017eavne revizorske institucije.<\/p>\n\t\t\t\t\t\t\t\t<\/div>\n\t\t\t\t<\/div>\n\t\t\t\t\t<\/div>\n\t\t\t\t<\/div>\n\t\t\t\t<\/div>\n\t\t","protected":false},"excerpt":{"rendered":"<p>EPCG Solar gradnja je do 1. decembra ostvarila realizaciju iznad plana za 2025. godinu.<\/p>\n","protected":false},"author":1,"featured_media":3979,"comment_status":"closed","ping_status":"closed","sticky":false,"template":"","format":"standard","meta":{"footnotes":""},"categories":[19],"tags":[],"class_list":["post-3989","post","type-post","status-publish","format-standard","has-post-thumbnail","hentry","category-kategorija-vijesti-lat"],"yoast_head":"<!-- This site is optimized with the Yoast SEO plugin v27.2 - https:\/\/yoast.com\/product\/yoast-seo-wordpress\/ -->\n<title>Realizacija iznad plana, Sanja \u017dugi\u0107 i dalje v.d. izvr\u0161ne direktorice - Solar gradnja<\/title>\n<meta name=\"description\" content=\"EPCG Solar gradnja je do 1. decembra ostvarila realizaciju iznad plana za 2025. godinu.\" \/>\n<meta name=\"robots\" content=\"index, follow, max-snippet:-1, max-image-preview:large, max-video-preview:-1\" \/>\n<link rel=\"canonical\" href=\"https:\/\/epcg-sg.com\/lat\/realizacija-iznad-plana-sanja-zugic-i-dalje-v-d-izvrsne-direktorice\/\" \/>\n<meta property=\"og:locale\" content=\"en_US\" \/>\n<meta property=\"og:type\" content=\"article\" \/>\n<meta property=\"og:title\" content=\"Realizacija iznad plana, Sanja \u017dugi\u0107 i dalje v.d. izvr\u0161ne direktorice - Solar gradnja\" \/>\n<meta property=\"og:description\" content=\"EPCG Solar gradnja je do 1. decembra ostvarila realizaciju iznad plana za 2025. godinu.\" \/>\n<meta property=\"og:url\" content=\"https:\/\/epcg-sg.com\/lat\/realizacija-iznad-plana-sanja-zugic-i-dalje-v-d-izvrsne-direktorice\/\" \/>\n<meta property=\"og:site_name\" content=\"Solar gradnja\" \/>\n<meta property=\"article:publisher\" content=\"https:\/\/www.facebook.com\/solargradnjaofficialpage\" \/>\n<meta property=\"article:published_time\" content=\"2025-12-11T14:06:47+00:00\" \/>\n<meta property=\"article:modified_time\" content=\"2025-12-11T14:11:02+00:00\" \/>\n<meta property=\"og:image\" content=\"https:\/\/epcg-sg.com\/wp-content\/uploads\/2025\/12\/IMG_5845.jpeg\" \/>\n\t<meta property=\"og:image:width\" content=\"1600\" \/>\n\t<meta property=\"og:image:height\" content=\"1140\" \/>\n\t<meta property=\"og:image:type\" content=\"image\/jpeg\" \/>\n<meta name=\"author\" content=\"andrija\" \/>\n<meta name=\"twitter:card\" content=\"summary_large_image\" \/>\n<meta name=\"twitter:creator\" content=\"@EpcgSolar\" \/>\n<meta name=\"twitter:site\" content=\"@EpcgSolar\" \/>\n<script type=\"application\/ld+json\" class=\"yoast-schema-graph\">{\"@context\":\"https:\/\/schema.org\",\"@graph\":[{\"@type\":\"Article\",\"@id\":\"https:\/\/epcg-sg.com\/lat\/realizacija-iznad-plana-sanja-zugic-i-dalje-v-d-izvrsne-direktorice\/#article\",\"isPartOf\":{\"@id\":\"https:\/\/epcg-sg.com\/lat\/realizacija-iznad-plana-sanja-zugic-i-dalje-v-d-izvrsne-direktorice\/\"},\"author\":{\"name\":\"andrija\",\"@id\":\"https:\/\/epcg-sg.com\/lat\/#\/schema\/person\/ab3ed7d89cd132bf05a984825ae8b480\"},\"headline\":\"Realizacija iznad plana, Sanja \u017dugi\u0107 i dalje v.d. izvr\u0161ne direktorice\",\"datePublished\":\"2025-12-11T14:06:47+00:00\",\"dateModified\":\"2025-12-11T14:11:02+00:00\",\"mainEntityOfPage\":{\"@id\":\"https:\/\/epcg-sg.com\/lat\/realizacija-iznad-plana-sanja-zugic-i-dalje-v-d-izvrsne-direktorice\/\"},\"wordCount\":223,\"publisher\":{\"@id\":\"https:\/\/epcg-sg.com\/lat\/#organization\"},\"image\":{\"@id\":\"https:\/\/epcg-sg.com\/lat\/realizacija-iznad-plana-sanja-zugic-i-dalje-v-d-izvrsne-direktorice\/#primaryimage\"},\"thumbnailUrl\":\"https:\/\/epcg-sg.com\/wp-content\/uploads\/2025\/12\/IMG_5845.jpeg\",\"articleSection\":[\"Vijesti\"],\"inLanguage\":\"lat\"},{\"@type\":\"WebPage\",\"@id\":\"https:\/\/epcg-sg.com\/lat\/realizacija-iznad-plana-sanja-zugic-i-dalje-v-d-izvrsne-direktorice\/\",\"url\":\"https:\/\/epcg-sg.com\/lat\/realizacija-iznad-plana-sanja-zugic-i-dalje-v-d-izvrsne-direktorice\/\",\"name\":\"Realizacija iznad plana, Sanja \u017dugi\u0107 i dalje v.d. izvr\u0161ne direktorice - Solar gradnja\",\"isPartOf\":{\"@id\":\"https:\/\/epcg-sg.com\/lat\/#website\"},\"primaryImageOfPage\":{\"@id\":\"https:\/\/epcg-sg.com\/lat\/realizacija-iznad-plana-sanja-zugic-i-dalje-v-d-izvrsne-direktorice\/#primaryimage\"},\"image\":{\"@id\":\"https:\/\/epcg-sg.com\/lat\/realizacija-iznad-plana-sanja-zugic-i-dalje-v-d-izvrsne-direktorice\/#primaryimage\"},\"thumbnailUrl\":\"https:\/\/epcg-sg.com\/wp-content\/uploads\/2025\/12\/IMG_5845.jpeg\",\"datePublished\":\"2025-12-11T14:06:47+00:00\",\"dateModified\":\"2025-12-11T14:11:02+00:00\",\"description\":\"EPCG Solar gradnja je do 1. decembra ostvarila realizaciju iznad plana za 2025. godinu.\",\"breadcrumb\":{\"@id\":\"https:\/\/epcg-sg.com\/lat\/realizacija-iznad-plana-sanja-zugic-i-dalje-v-d-izvrsne-direktorice\/#breadcrumb\"},\"inLanguage\":\"lat\",\"potentialAction\":[{\"@type\":\"ReadAction\",\"target\":[\"https:\/\/epcg-sg.com\/lat\/realizacija-iznad-plana-sanja-zugic-i-dalje-v-d-izvrsne-direktorice\/\"]}]},{\"@type\":\"ImageObject\",\"inLanguage\":\"lat\",\"@id\":\"https:\/\/epcg-sg.com\/lat\/realizacija-iznad-plana-sanja-zugic-i-dalje-v-d-izvrsne-direktorice\/#primaryimage\",\"url\":\"https:\/\/epcg-sg.com\/wp-content\/uploads\/2025\/12\/IMG_5845.jpeg\",\"contentUrl\":\"https:\/\/epcg-sg.com\/wp-content\/uploads\/2025\/12\/IMG_5845.jpeg\",\"width\":1600,\"height\":1140},{\"@type\":\"BreadcrumbList\",\"@id\":\"https:\/\/epcg-sg.com\/lat\/realizacija-iznad-plana-sanja-zugic-i-dalje-v-d-izvrsne-direktorice\/#breadcrumb\",\"itemListElement\":[{\"@type\":\"ListItem\",\"position\":1,\"name\":\"PO\u010cETNA\",\"item\":\"https:\/\/epcg-sg.com\/lat\/\"},{\"@type\":\"ListItem\",\"position\":2,\"name\":\"Realizacija iznad plana, Sanja \u017dugi\u0107 i dalje v.d. izvr\u0161ne direktorice\"}]},{\"@type\":\"WebSite\",\"@id\":\"https:\/\/epcg-sg.com\/lat\/#website\",\"url\":\"https:\/\/epcg-sg.com\/lat\/\",\"name\":\"\u0415\u041f\u0426\u0413 \u0421\u043e\u043b\u0430\u0440 \u0433\u0440\u0430\u0434\u045a\u0430\",\"description\":\"Elektroprivreda Crne Gore\",\"publisher\":{\"@id\":\"https:\/\/epcg-sg.com\/lat\/#organization\"},\"potentialAction\":[{\"@type\":\"SearchAction\",\"target\":{\"@type\":\"EntryPoint\",\"urlTemplate\":\"https:\/\/epcg-sg.com\/lat\/?s={search_term_string}\"},\"query-input\":{\"@type\":\"PropertyValueSpecification\",\"valueRequired\":true,\"valueName\":\"search_term_string\"}}],\"inLanguage\":\"lat\"},{\"@type\":\"Organization\",\"@id\":\"https:\/\/epcg-sg.com\/lat\/#organization\",\"name\":\"EPCG Solar gradnja\",\"url\":\"https:\/\/epcg-sg.com\/lat\/\",\"logo\":{\"@type\":\"ImageObject\",\"inLanguage\":\"lat\",\"@id\":\"https:\/\/epcg-sg.com\/lat\/#\/schema\/logo\/image\/\",\"url\":\"\",\"contentUrl\":\"\",\"caption\":\"EPCG Solar gradnja\"},\"image\":{\"@id\":\"https:\/\/epcg-sg.com\/lat\/#\/schema\/logo\/image\/\"},\"sameAs\":[\"https:\/\/www.facebook.com\/solargradnjaofficialpage\",\"https:\/\/x.com\/EpcgSolar\"]},{\"@type\":\"Person\",\"@id\":\"https:\/\/epcg-sg.com\/lat\/#\/schema\/person\/ab3ed7d89cd132bf05a984825ae8b480\",\"name\":\"andrija\",\"sameAs\":[\"https:\/\/epcg-sg.com\"]}]}<\/script>\n<!-- \/ Yoast SEO plugin. -->","yoast_head_json":{"title":"Realizacija iznad plana, Sanja \u017dugi\u0107 i dalje v.d. izvr\u0161ne direktorice - Solar gradnja","description":"EPCG Solar gradnja je do 1. decembra ostvarila realizaciju iznad plana za 2025. godinu.","robots":{"index":"index","follow":"follow","max-snippet":"max-snippet:-1","max-image-preview":"max-image-preview:large","max-video-preview":"max-video-preview:-1"},"canonical":"https:\/\/epcg-sg.com\/lat\/realizacija-iznad-plana-sanja-zugic-i-dalje-v-d-izvrsne-direktorice\/","og_locale":"en_US","og_type":"article","og_title":"Realizacija iznad plana, Sanja \u017dugi\u0107 i dalje v.d. izvr\u0161ne direktorice - Solar gradnja","og_description":"EPCG Solar gradnja je do 1. decembra ostvarila realizaciju iznad plana za 2025. godinu.","og_url":"https:\/\/epcg-sg.com\/lat\/realizacija-iznad-plana-sanja-zugic-i-dalje-v-d-izvrsne-direktorice\/","og_site_name":"Solar gradnja","article_publisher":"https:\/\/www.facebook.com\/solargradnjaofficialpage","article_published_time":"2025-12-11T14:06:47+00:00","article_modified_time":"2025-12-11T14:11:02+00:00","og_image":[{"width":1600,"height":1140,"url":"https:\/\/epcg-sg.com\/wp-content\/uploads\/2025\/12\/IMG_5845.jpeg","type":"image\/jpeg"}],"author":"andrija","twitter_card":"summary_large_image","twitter_creator":"@EpcgSolar","twitter_site":"@EpcgSolar","schema":{"@context":"https:\/\/schema.org","@graph":[{"@type":"Article","@id":"https:\/\/epcg-sg.com\/lat\/realizacija-iznad-plana-sanja-zugic-i-dalje-v-d-izvrsne-direktorice\/#article","isPartOf":{"@id":"https:\/\/epcg-sg.com\/lat\/realizacija-iznad-plana-sanja-zugic-i-dalje-v-d-izvrsne-direktorice\/"},"author":{"name":"andrija","@id":"https:\/\/epcg-sg.com\/lat\/#\/schema\/person\/ab3ed7d89cd132bf05a984825ae8b480"},"headline":"Realizacija iznad plana, Sanja \u017dugi\u0107 i dalje v.d. izvr\u0161ne direktorice","datePublished":"2025-12-11T14:06:47+00:00","dateModified":"2025-12-11T14:11:02+00:00","mainEntityOfPage":{"@id":"https:\/\/epcg-sg.com\/lat\/realizacija-iznad-plana-sanja-zugic-i-dalje-v-d-izvrsne-direktorice\/"},"wordCount":223,"publisher":{"@id":"https:\/\/epcg-sg.com\/lat\/#organization"},"image":{"@id":"https:\/\/epcg-sg.com\/lat\/realizacija-iznad-plana-sanja-zugic-i-dalje-v-d-izvrsne-direktorice\/#primaryimage"},"thumbnailUrl":"https:\/\/epcg-sg.com\/wp-content\/uploads\/2025\/12\/IMG_5845.jpeg","articleSection":["Vijesti"],"inLanguage":"lat"},{"@type":"WebPage","@id":"https:\/\/epcg-sg.com\/lat\/realizacija-iznad-plana-sanja-zugic-i-dalje-v-d-izvrsne-direktorice\/","url":"https:\/\/epcg-sg.com\/lat\/realizacija-iznad-plana-sanja-zugic-i-dalje-v-d-izvrsne-direktorice\/","name":"Realizacija iznad plana, Sanja \u017dugi\u0107 i dalje v.d. izvr\u0161ne direktorice - Solar gradnja","isPartOf":{"@id":"https:\/\/epcg-sg.com\/lat\/#website"},"primaryImageOfPage":{"@id":"https:\/\/epcg-sg.com\/lat\/realizacija-iznad-plana-sanja-zugic-i-dalje-v-d-izvrsne-direktorice\/#primaryimage"},"image":{"@id":"https:\/\/epcg-sg.com\/lat\/realizacija-iznad-plana-sanja-zugic-i-dalje-v-d-izvrsne-direktorice\/#primaryimage"},"thumbnailUrl":"https:\/\/epcg-sg.com\/wp-content\/uploads\/2025\/12\/IMG_5845.jpeg","datePublished":"2025-12-11T14:06:47+00:00","dateModified":"2025-12-11T14:11:02+00:00","description":"EPCG Solar gradnja je do 1. decembra ostvarila realizaciju iznad plana za 2025. godinu.","breadcrumb":{"@id":"https:\/\/epcg-sg.com\/lat\/realizacija-iznad-plana-sanja-zugic-i-dalje-v-d-izvrsne-direktorice\/#breadcrumb"},"inLanguage":"lat","potentialAction":[{"@type":"ReadAction","target":["https:\/\/epcg-sg.com\/lat\/realizacija-iznad-plana-sanja-zugic-i-dalje-v-d-izvrsne-direktorice\/"]}]},{"@type":"ImageObject","inLanguage":"lat","@id":"https:\/\/epcg-sg.com\/lat\/realizacija-iznad-plana-sanja-zugic-i-dalje-v-d-izvrsne-direktorice\/#primaryimage","url":"https:\/\/epcg-sg.com\/wp-content\/uploads\/2025\/12\/IMG_5845.jpeg","contentUrl":"https:\/\/epcg-sg.com\/wp-content\/uploads\/2025\/12\/IMG_5845.jpeg","width":1600,"height":1140},{"@type":"BreadcrumbList","@id":"https:\/\/epcg-sg.com\/lat\/realizacija-iznad-plana-sanja-zugic-i-dalje-v-d-izvrsne-direktorice\/#breadcrumb","itemListElement":[{"@type":"ListItem","position":1,"name":"PO\u010cETNA","item":"https:\/\/epcg-sg.com\/lat\/"},{"@type":"ListItem","position":2,"name":"Realizacija iznad plana, Sanja \u017dugi\u0107 i dalje v.d. izvr\u0161ne direktorice"}]},{"@type":"WebSite","@id":"https:\/\/epcg-sg.com\/lat\/#website","url":"https:\/\/epcg-sg.com\/lat\/","name":"\u0415\u041f\u0426\u0413 \u0421\u043e\u043b\u0430\u0440 \u0433\u0440\u0430\u0434\u045a\u0430","description":"Elektroprivreda Crne Gore","publisher":{"@id":"https:\/\/epcg-sg.com\/lat\/#organization"},"potentialAction":[{"@type":"SearchAction","target":{"@type":"EntryPoint","urlTemplate":"https:\/\/epcg-sg.com\/lat\/?s={search_term_string}"},"query-input":{"@type":"PropertyValueSpecification","valueRequired":true,"valueName":"search_term_string"}}],"inLanguage":"lat"},{"@type":"Organization","@id":"https:\/\/epcg-sg.com\/lat\/#organization","name":"EPCG Solar gradnja","url":"https:\/\/epcg-sg.com\/lat\/","logo":{"@type":"ImageObject","inLanguage":"lat","@id":"https:\/\/epcg-sg.com\/lat\/#\/schema\/logo\/image\/","url":"","contentUrl":"","caption":"EPCG Solar gradnja"},"image":{"@id":"https:\/\/epcg-sg.com\/lat\/#\/schema\/logo\/image\/"},"sameAs":["https:\/\/www.facebook.com\/solargradnjaofficialpage","https:\/\/x.com\/EpcgSolar"]},{"@type":"Person","@id":"https:\/\/epcg-sg.com\/lat\/#\/schema\/person\/ab3ed7d89cd132bf05a984825ae8b480","name":"andrija","sameAs":["https:\/\/epcg-sg.com"]}]}},"_links":{"self":[{"href":"https:\/\/epcg-sg.com\/lat\/wp-json\/wp\/v2\/posts\/3989","targetHints":{"allow":["GET"]}}],"collection":[{"href":"https:\/\/epcg-sg.com\/lat\/wp-json\/wp\/v2\/posts"}],"about":[{"href":"https:\/\/epcg-sg.com\/lat\/wp-json\/wp\/v2\/types\/post"}],"author":[{"embeddable":true,"href":"https:\/\/epcg-sg.com\/lat\/wp-json\/wp\/v2\/users\/1"}],"replies":[{"embeddable":true,"href":"https:\/\/epcg-sg.com\/lat\/wp-json\/wp\/v2\/comments?post=3989"}],"version-history":[{"count":1,"href":"https:\/\/epcg-sg.com\/lat\/wp-json\/wp\/v2\/posts\/3989\/revisions"}],"predecessor-version":[{"id":3990,"href":"https:\/\/epcg-sg.com\/lat\/wp-json\/wp\/v2\/posts\/3989\/revisions\/3990"}],"wp:featuredmedia":[{"embeddable":true,"href":"https:\/\/epcg-sg.com\/lat\/wp-json\/wp\/v2\/media\/3979"}],"wp:attachment":[{"href":"https:\/\/epcg-sg.com\/lat\/wp-json\/wp\/v2\/media?parent=3989"}],"wp:term":[{"taxonomy":"category","embeddable":true,"href":"https:\/\/epcg-sg.com\/lat\/wp-json\/wp\/v2\/categories?post=3989"},{"taxonomy":"post_tag","embeddable":true,"href":"https:\/\/epcg-sg.com\/lat\/wp-json\/wp\/v2\/tags?post=3989"}],"curies":[{"name":"wp","href":"https:\/\/api.w.org\/{rel}","templated":true}]}}