{"id":3938,"date":"2025-10-21T08:03:50","date_gmt":"2025-10-21T06:03:50","guid":{"rendered":"https:\/\/epcg-sg.com\/epcg-solar-gradnja-na-medunarodnom-sajmu-energetike\/"},"modified":"2025-10-21T11:38:44","modified_gmt":"2025-10-21T09:38:44","slug":"epcg-solar-gradnja-na-medunarodnom-sajmu-energetike","status":"publish","type":"post","link":"https:\/\/epcg-sg.com\/lat\/epcg-solar-gradnja-na-medunarodnom-sajmu-energetike\/","title":{"rendered":"EPCG Solar gradnja na Me\u0111unarodnom sajmu energetike"},"content":{"rendered":"\t\t<div data-elementor-type=\"wp-post\" data-elementor-id=\"3938\" class=\"elementor elementor-3938 elementor-3922\" data-elementor-post-type=\"post\">\n\t\t\t\t<div class=\"elementor-element elementor-element-b74e6cb e-flex e-con-boxed e-con e-parent\" data-id=\"b74e6cb\" data-element_type=\"container\" data-e-type=\"container\" data-settings=\"{&quot;jet_parallax_layout_list&quot;:[]}\">\n\t\t\t\t\t<div class=\"e-con-inner\">\n\t\t\t\t<div class=\"elementor-element elementor-element-f351582 elementor-widget elementor-widget-image\" data-id=\"f351582\" data-element_type=\"widget\" data-e-type=\"widget\" data-widget_type=\"image.default\">\n\t\t\t\t<div class=\"elementor-widget-container\">\n\t\t\t\t\t\t\t\t\t\t\t\t\t\t\t<img fetchpriority=\"high\" decoding=\"async\" width=\"1284\" height=\"963\" src=\"https:\/\/epcg-sg.com\/wp-content\/uploads\/2025\/10\/IMG_5311.jpeg\" class=\"attachment-1536x1536 size-1536x1536 wp-image-3925\" alt=\"\" srcset=\"https:\/\/epcg-sg.com\/wp-content\/uploads\/2025\/10\/IMG_5311.jpeg 1284w, https:\/\/epcg-sg.com\/wp-content\/uploads\/2025\/10\/IMG_5311-300x225.jpeg 300w, https:\/\/epcg-sg.com\/wp-content\/uploads\/2025\/10\/IMG_5311-1024x768.jpeg 1024w, https:\/\/epcg-sg.com\/wp-content\/uploads\/2025\/10\/IMG_5311-768x576.jpeg 768w\" sizes=\"(max-width: 1284px) 100vw, 1284px\" \/>\t\t\t\t\t\t\t\t\t\t\t\t\t\t\t<\/div>\n\t\t\t\t<\/div>\n\t\t\t\t<div class=\"elementor-element elementor-element-0862e75 elementor-widget elementor-widget-text-editor\" data-id=\"0862e75\" data-element_type=\"widget\" data-e-type=\"widget\" data-widget_type=\"text-editor.default\">\n\t\t\t\t<div class=\"elementor-widget-container\">\n\t\t\t\t\t\t\t\t\t<p>Elektroprivreda Crne Gore i EPCG Solar gradnja, u okviru nacionalnog \u0161tanda koji je organizovala Privredna komora Crne Gore, u\u010destvuju na dvadesetom Me\u0111unarodnom sajmu energetike, koji se odr\u017eava u Beogradu od 20. do 22. oktobra.<\/p>\n<p>Izlaga\u010de iz Crne Gore posjetio je ambasador Crne Gore u Republici Srbiji Neboj\u0161a \u0110okovi\u0107, koji je iskazao podr\u0161ku promociji doma\u0107e energetske privrede i razvoju regionalne saradnje.<\/p>\n\t\t\t\t\t\t\t\t<\/div>\n\t\t\t\t<\/div>\n\t\t\t\t<div class=\"elementor-element elementor-element-cc5f56f elementor-widget elementor-widget-image\" data-id=\"cc5f56f\" data-element_type=\"widget\" data-e-type=\"widget\" data-widget_type=\"image.default\">\n\t\t\t\t<div class=\"elementor-widget-container\">\n\t\t\t\t\t\t\t\t\t\t\t\t\t\t\t<img decoding=\"async\" width=\"800\" height=\"730\" src=\"https:\/\/epcg-sg.com\/wp-content\/uploads\/2025\/10\/IMG_5321-1024x934.jpeg\" class=\"attachment-large size-large wp-image-3931\" alt=\"\" srcset=\"https:\/\/epcg-sg.com\/wp-content\/uploads\/2025\/10\/IMG_5321-1024x934.jpeg 1024w, https:\/\/epcg-sg.com\/wp-content\/uploads\/2025\/10\/IMG_5321-300x274.jpeg 300w, https:\/\/epcg-sg.com\/wp-content\/uploads\/2025\/10\/IMG_5321-768x700.jpeg 768w, https:\/\/epcg-sg.com\/wp-content\/uploads\/2025\/10\/IMG_5321.jpeg 1170w\" sizes=\"(max-width: 800px) 100vw, 800px\" \/>\t\t\t\t\t\t\t\t\t\t\t\t\t\t\t<\/div>\n\t\t\t\t<\/div>\n\t\t\t\t<div class=\"elementor-element elementor-element-027b6ac elementor-widget elementor-widget-text-editor\" data-id=\"027b6ac\" data-element_type=\"widget\" data-e-type=\"widget\" data-widget_type=\"text-editor.default\">\n\t\t\t\t<div class=\"elementor-widget-container\">\n\t\t\t\t\t\t\t\t\t<p>Sajam okuplja vode\u0107e kompanije, institucije i stru\u010dnjake iz regiona i \u0161ire, pru\u017eaju\u0107i prostor za razmjenu iskustava, predstavljanje inovativnih rje\u0161enja i ja\u010danje saradnje u oblasti energetike.<\/p>\n<p>EPCG je pokrenula veliki investicioni ciklus u oblasti obnovljivih izvora energije, kroz projekte razvoja hidropotencijala, vjetroenergije i solarnih sistema, \u010dime aktivno doprinosi energetskoj tranziciji Crne Gore.<\/p>\n\t\t\t\t\t\t\t\t<\/div>\n\t\t\t\t<\/div>\n\t\t\t\t<div class=\"elementor-element elementor-element-86925e6 elementor-widget elementor-widget-image\" data-id=\"86925e6\" data-element_type=\"widget\" data-e-type=\"widget\" data-widget_type=\"image.default\">\n\t\t\t\t<div class=\"elementor-widget-container\">\n\t\t\t\t\t\t\t\t\t\t\t\t\t\t\t<img decoding=\"async\" width=\"800\" height=\"600\" src=\"https:\/\/epcg-sg.com\/wp-content\/uploads\/2025\/10\/IMG_5314-1024x768.jpeg\" class=\"attachment-large size-large wp-image-3927\" alt=\"\" srcset=\"https:\/\/epcg-sg.com\/wp-content\/uploads\/2025\/10\/IMG_5314-1024x768.jpeg 1024w, https:\/\/epcg-sg.com\/wp-content\/uploads\/2025\/10\/IMG_5314-300x225.jpeg 300w, https:\/\/epcg-sg.com\/wp-content\/uploads\/2025\/10\/IMG_5314-768x576.jpeg 768w, https:\/\/epcg-sg.com\/wp-content\/uploads\/2025\/10\/IMG_5314.jpeg 1480w\" sizes=\"(max-width: 800px) 100vw, 800px\" \/>\t\t\t\t\t\t\t\t\t\t\t\t\t\t\t<\/div>\n\t\t\t\t<\/div>\n\t\t\t\t<div class=\"elementor-element elementor-element-c6e9a0b elementor-widget elementor-widget-text-editor\" data-id=\"c6e9a0b\" data-element_type=\"widget\" data-e-type=\"widget\" data-widget_type=\"text-editor.default\">\n\t\t\t\t<div class=\"elementor-widget-container\">\n\t\t\t\t\t\t\t\t\t<p>Kroz projekte Solari, do sada je \u0161irom zemlje ugra\u0111eno vi\u0161e od 8.000 solarnih sistema, \u0161to potvr\u0111uje znanje, iskustvo i kapacitete EPCG grupe koji je preporu\u010duju i van granica na\u0161e zemlje.<\/p>\n<p>U\u010de\u0161\u0107em na ovom doga\u0111aju, EPCG potvr\u0111uje svoju posve\u0107enost inovacijama, odr\u017eivom razvoju i afirmaciji doma\u0107eg znanja na regionalnoj sceni.<\/p>\n\t\t\t\t\t\t\t\t<\/div>\n\t\t\t\t<\/div>\n\t\t\t\t<div class=\"elementor-element elementor-element-ceafb12 elementor-widget elementor-widget-image\" data-id=\"ceafb12\" data-element_type=\"widget\" data-e-type=\"widget\" data-widget_type=\"image.default\">\n\t\t\t\t<div class=\"elementor-widget-container\">\n\t\t\t\t\t\t\t\t\t\t\t\t\t\t\t<img loading=\"lazy\" decoding=\"async\" width=\"800\" height=\"600\" src=\"https:\/\/epcg-sg.com\/wp-content\/uploads\/2025\/10\/IMG_5315-1024x768.jpeg\" class=\"attachment-large size-large wp-image-3929\" alt=\"\" srcset=\"https:\/\/epcg-sg.com\/wp-content\/uploads\/2025\/10\/IMG_5315-1024x768.jpeg 1024w, https:\/\/epcg-sg.com\/wp-content\/uploads\/2025\/10\/IMG_5315-300x225.jpeg 300w, https:\/\/epcg-sg.com\/wp-content\/uploads\/2025\/10\/IMG_5315-768x576.jpeg 768w, https:\/\/epcg-sg.com\/wp-content\/uploads\/2025\/10\/IMG_5315.jpeg 1480w\" sizes=\"(max-width: 800px) 100vw, 800px\" \/>\t\t\t\t\t\t\t\t\t\t\t\t\t\t\t<\/div>\n\t\t\t\t<\/div>\n\t\t\t\t\t<\/div>\n\t\t\t\t<\/div>\n\t\t\t\t<\/div>\n\t\t","protected":false},"excerpt":{"rendered":"<p>Elektroprivreda Crne Gore i EPCG Solar gradnja, u okviru nacionalnog \u0161tanda koji je organizovala Privredna komora Crne Gore, u\u010destvuju na dvadesetom Me\u0111unarodnom sajmu energetike, koji se odr\u017eava u Beogradu od 20. do 22. oktobra.<\/p>\n","protected":false},"author":1,"featured_media":3925,"comment_status":"closed","ping_status":"closed","sticky":false,"template":"","format":"standard","meta":{"footnotes":""},"categories":[19],"tags":[],"class_list":["post-3938","post","type-post","status-publish","format-standard","has-post-thumbnail","hentry","category-kategorija-vijesti-lat"],"yoast_head":"<!-- This site is optimized with the Yoast SEO plugin v27.2 - https:\/\/yoast.com\/product\/yoast-seo-wordpress\/ -->\n<title>EPCG Solar gradnja na Me\u0111unarodnom sajmu energetike - Solar gradnja<\/title>\n<meta name=\"description\" content=\"Elektroprivreda Crne Gore i EPCG Solar gradnja, u okviru nacionalnog \u0161tanda koji je organizovala Privredna komora Crne Gore, u\u010destvuju na dvadesetom Me\u0111unarodnom sajmu energetike, koji se odr\u017eava u Beogradu od 20. do 22. oktobra.\" \/>\n<meta name=\"robots\" content=\"index, follow, max-snippet:-1, max-image-preview:large, max-video-preview:-1\" \/>\n<link rel=\"canonical\" href=\"https:\/\/epcg-sg.com\/lat\/epcg-solar-gradnja-na-medunarodnom-sajmu-energetike\/\" \/>\n<meta property=\"og:locale\" content=\"en_US\" \/>\n<meta property=\"og:type\" content=\"article\" \/>\n<meta property=\"og:title\" content=\"EPCG Solar gradnja na Me\u0111unarodnom sajmu energetike - Solar gradnja\" \/>\n<meta property=\"og:description\" content=\"Elektroprivreda Crne Gore i EPCG Solar gradnja, u okviru nacionalnog \u0161tanda koji je organizovala Privredna komora Crne Gore, u\u010destvuju na dvadesetom Me\u0111unarodnom sajmu energetike, koji se odr\u017eava u Beogradu od 20. do 22. oktobra.\" \/>\n<meta property=\"og:url\" content=\"https:\/\/epcg-sg.com\/lat\/epcg-solar-gradnja-na-medunarodnom-sajmu-energetike\/\" \/>\n<meta property=\"og:site_name\" content=\"Solar gradnja\" \/>\n<meta property=\"article:publisher\" content=\"https:\/\/www.facebook.com\/solargradnjaofficialpage\" \/>\n<meta property=\"article:published_time\" content=\"2025-10-21T06:03:50+00:00\" \/>\n<meta property=\"article:modified_time\" content=\"2025-10-21T09:38:44+00:00\" \/>\n<meta property=\"og:image\" content=\"https:\/\/epcg-sg.com\/wp-content\/uploads\/2025\/10\/IMG_5311.jpeg\" \/>\n\t<meta property=\"og:image:width\" content=\"1284\" \/>\n\t<meta property=\"og:image:height\" content=\"963\" \/>\n\t<meta property=\"og:image:type\" content=\"image\/jpeg\" \/>\n<meta name=\"author\" content=\"andrija\" \/>\n<meta name=\"twitter:card\" content=\"summary_large_image\" \/>\n<meta name=\"twitter:creator\" content=\"@EpcgSolar\" \/>\n<meta name=\"twitter:site\" content=\"@EpcgSolar\" \/>\n<script type=\"application\/ld+json\" class=\"yoast-schema-graph\">{\"@context\":\"https:\/\/schema.org\",\"@graph\":[{\"@type\":\"Article\",\"@id\":\"https:\/\/epcg-sg.com\/lat\/epcg-solar-gradnja-na-medunarodnom-sajmu-energetike\/#article\",\"isPartOf\":{\"@id\":\"https:\/\/epcg-sg.com\/lat\/epcg-solar-gradnja-na-medunarodnom-sajmu-energetike\/\"},\"author\":{\"name\":\"andrija\",\"@id\":\"https:\/\/epcg-sg.com\/lat\/#\/schema\/person\/ab3ed7d89cd132bf05a984825ae8b480\"},\"headline\":\"EPCG Solar gradnja na Me\u0111unarodnom sajmu energetike\",\"datePublished\":\"2025-10-21T06:03:50+00:00\",\"dateModified\":\"2025-10-21T09:38:44+00:00\",\"mainEntityOfPage\":{\"@id\":\"https:\/\/epcg-sg.com\/lat\/epcg-solar-gradnja-na-medunarodnom-sajmu-energetike\/\"},\"wordCount\":189,\"publisher\":{\"@id\":\"https:\/\/epcg-sg.com\/lat\/#organization\"},\"image\":{\"@id\":\"https:\/\/epcg-sg.com\/lat\/epcg-solar-gradnja-na-medunarodnom-sajmu-energetike\/#primaryimage\"},\"thumbnailUrl\":\"https:\/\/epcg-sg.com\/wp-content\/uploads\/2025\/10\/IMG_5311.jpeg\",\"articleSection\":[\"Vijesti\"],\"inLanguage\":\"lat\"},{\"@type\":\"WebPage\",\"@id\":\"https:\/\/epcg-sg.com\/lat\/epcg-solar-gradnja-na-medunarodnom-sajmu-energetike\/\",\"url\":\"https:\/\/epcg-sg.com\/lat\/epcg-solar-gradnja-na-medunarodnom-sajmu-energetike\/\",\"name\":\"EPCG Solar gradnja na Me\u0111unarodnom sajmu energetike - Solar gradnja\",\"isPartOf\":{\"@id\":\"https:\/\/epcg-sg.com\/lat\/#website\"},\"primaryImageOfPage\":{\"@id\":\"https:\/\/epcg-sg.com\/lat\/epcg-solar-gradnja-na-medunarodnom-sajmu-energetike\/#primaryimage\"},\"image\":{\"@id\":\"https:\/\/epcg-sg.com\/lat\/epcg-solar-gradnja-na-medunarodnom-sajmu-energetike\/#primaryimage\"},\"thumbnailUrl\":\"https:\/\/epcg-sg.com\/wp-content\/uploads\/2025\/10\/IMG_5311.jpeg\",\"datePublished\":\"2025-10-21T06:03:50+00:00\",\"dateModified\":\"2025-10-21T09:38:44+00:00\",\"description\":\"Elektroprivreda Crne Gore i EPCG Solar gradnja, u okviru nacionalnog \u0161tanda koji je organizovala Privredna komora Crne Gore, u\u010destvuju na dvadesetom Me\u0111unarodnom sajmu energetike, koji se odr\u017eava u Beogradu od 20. do 22. oktobra.\",\"breadcrumb\":{\"@id\":\"https:\/\/epcg-sg.com\/lat\/epcg-solar-gradnja-na-medunarodnom-sajmu-energetike\/#breadcrumb\"},\"inLanguage\":\"lat\",\"potentialAction\":[{\"@type\":\"ReadAction\",\"target\":[\"https:\/\/epcg-sg.com\/lat\/epcg-solar-gradnja-na-medunarodnom-sajmu-energetike\/\"]}]},{\"@type\":\"ImageObject\",\"inLanguage\":\"lat\",\"@id\":\"https:\/\/epcg-sg.com\/lat\/epcg-solar-gradnja-na-medunarodnom-sajmu-energetike\/#primaryimage\",\"url\":\"https:\/\/epcg-sg.com\/wp-content\/uploads\/2025\/10\/IMG_5311.jpeg\",\"contentUrl\":\"https:\/\/epcg-sg.com\/wp-content\/uploads\/2025\/10\/IMG_5311.jpeg\",\"width\":1284,\"height\":963},{\"@type\":\"BreadcrumbList\",\"@id\":\"https:\/\/epcg-sg.com\/lat\/epcg-solar-gradnja-na-medunarodnom-sajmu-energetike\/#breadcrumb\",\"itemListElement\":[{\"@type\":\"ListItem\",\"position\":1,\"name\":\"PO\u010cETNA\",\"item\":\"https:\/\/epcg-sg.com\/lat\/\"},{\"@type\":\"ListItem\",\"position\":2,\"name\":\"EPCG Solar gradnja na Me\u0111unarodnom sajmu energetike\"}]},{\"@type\":\"WebSite\",\"@id\":\"https:\/\/epcg-sg.com\/lat\/#website\",\"url\":\"https:\/\/epcg-sg.com\/lat\/\",\"name\":\"\u0415\u041f\u0426\u0413 \u0421\u043e\u043b\u0430\u0440 \u0433\u0440\u0430\u0434\u045a\u0430\",\"description\":\"Elektroprivreda Crne Gore\",\"publisher\":{\"@id\":\"https:\/\/epcg-sg.com\/lat\/#organization\"},\"potentialAction\":[{\"@type\":\"SearchAction\",\"target\":{\"@type\":\"EntryPoint\",\"urlTemplate\":\"https:\/\/epcg-sg.com\/lat\/?s={search_term_string}\"},\"query-input\":{\"@type\":\"PropertyValueSpecification\",\"valueRequired\":true,\"valueName\":\"search_term_string\"}}],\"inLanguage\":\"lat\"},{\"@type\":\"Organization\",\"@id\":\"https:\/\/epcg-sg.com\/lat\/#organization\",\"name\":\"EPCG Solar gradnja\",\"url\":\"https:\/\/epcg-sg.com\/lat\/\",\"logo\":{\"@type\":\"ImageObject\",\"inLanguage\":\"lat\",\"@id\":\"https:\/\/epcg-sg.com\/lat\/#\/schema\/logo\/image\/\",\"url\":\"\",\"contentUrl\":\"\",\"caption\":\"EPCG Solar gradnja\"},\"image\":{\"@id\":\"https:\/\/epcg-sg.com\/lat\/#\/schema\/logo\/image\/\"},\"sameAs\":[\"https:\/\/www.facebook.com\/solargradnjaofficialpage\",\"https:\/\/x.com\/EpcgSolar\"]},{\"@type\":\"Person\",\"@id\":\"https:\/\/epcg-sg.com\/lat\/#\/schema\/person\/ab3ed7d89cd132bf05a984825ae8b480\",\"name\":\"andrija\",\"sameAs\":[\"https:\/\/epcg-sg.com\"]}]}<\/script>\n<!-- \/ Yoast SEO plugin. -->","yoast_head_json":{"title":"EPCG Solar gradnja na Me\u0111unarodnom sajmu energetike - Solar gradnja","description":"Elektroprivreda Crne Gore i EPCG Solar gradnja, u okviru nacionalnog \u0161tanda koji je organizovala Privredna komora Crne Gore, u\u010destvuju na dvadesetom Me\u0111unarodnom sajmu energetike, koji se odr\u017eava u Beogradu od 20. do 22. oktobra.","robots":{"index":"index","follow":"follow","max-snippet":"max-snippet:-1","max-image-preview":"max-image-preview:large","max-video-preview":"max-video-preview:-1"},"canonical":"https:\/\/epcg-sg.com\/lat\/epcg-solar-gradnja-na-medunarodnom-sajmu-energetike\/","og_locale":"en_US","og_type":"article","og_title":"EPCG Solar gradnja na Me\u0111unarodnom sajmu energetike - Solar gradnja","og_description":"Elektroprivreda Crne Gore i EPCG Solar gradnja, u okviru nacionalnog \u0161tanda koji je organizovala Privredna komora Crne Gore, u\u010destvuju na dvadesetom Me\u0111unarodnom sajmu energetike, koji se odr\u017eava u Beogradu od 20. do 22. oktobra.","og_url":"https:\/\/epcg-sg.com\/lat\/epcg-solar-gradnja-na-medunarodnom-sajmu-energetike\/","og_site_name":"Solar gradnja","article_publisher":"https:\/\/www.facebook.com\/solargradnjaofficialpage","article_published_time":"2025-10-21T06:03:50+00:00","article_modified_time":"2025-10-21T09:38:44+00:00","og_image":[{"width":1284,"height":963,"url":"https:\/\/epcg-sg.com\/wp-content\/uploads\/2025\/10\/IMG_5311.jpeg","type":"image\/jpeg"}],"author":"andrija","twitter_card":"summary_large_image","twitter_creator":"@EpcgSolar","twitter_site":"@EpcgSolar","schema":{"@context":"https:\/\/schema.org","@graph":[{"@type":"Article","@id":"https:\/\/epcg-sg.com\/lat\/epcg-solar-gradnja-na-medunarodnom-sajmu-energetike\/#article","isPartOf":{"@id":"https:\/\/epcg-sg.com\/lat\/epcg-solar-gradnja-na-medunarodnom-sajmu-energetike\/"},"author":{"name":"andrija","@id":"https:\/\/epcg-sg.com\/lat\/#\/schema\/person\/ab3ed7d89cd132bf05a984825ae8b480"},"headline":"EPCG Solar gradnja na Me\u0111unarodnom sajmu energetike","datePublished":"2025-10-21T06:03:50+00:00","dateModified":"2025-10-21T09:38:44+00:00","mainEntityOfPage":{"@id":"https:\/\/epcg-sg.com\/lat\/epcg-solar-gradnja-na-medunarodnom-sajmu-energetike\/"},"wordCount":189,"publisher":{"@id":"https:\/\/epcg-sg.com\/lat\/#organization"},"image":{"@id":"https:\/\/epcg-sg.com\/lat\/epcg-solar-gradnja-na-medunarodnom-sajmu-energetike\/#primaryimage"},"thumbnailUrl":"https:\/\/epcg-sg.com\/wp-content\/uploads\/2025\/10\/IMG_5311.jpeg","articleSection":["Vijesti"],"inLanguage":"lat"},{"@type":"WebPage","@id":"https:\/\/epcg-sg.com\/lat\/epcg-solar-gradnja-na-medunarodnom-sajmu-energetike\/","url":"https:\/\/epcg-sg.com\/lat\/epcg-solar-gradnja-na-medunarodnom-sajmu-energetike\/","name":"EPCG Solar gradnja na Me\u0111unarodnom sajmu energetike - Solar gradnja","isPartOf":{"@id":"https:\/\/epcg-sg.com\/lat\/#website"},"primaryImageOfPage":{"@id":"https:\/\/epcg-sg.com\/lat\/epcg-solar-gradnja-na-medunarodnom-sajmu-energetike\/#primaryimage"},"image":{"@id":"https:\/\/epcg-sg.com\/lat\/epcg-solar-gradnja-na-medunarodnom-sajmu-energetike\/#primaryimage"},"thumbnailUrl":"https:\/\/epcg-sg.com\/wp-content\/uploads\/2025\/10\/IMG_5311.jpeg","datePublished":"2025-10-21T06:03:50+00:00","dateModified":"2025-10-21T09:38:44+00:00","description":"Elektroprivreda Crne Gore i EPCG Solar gradnja, u okviru nacionalnog \u0161tanda koji je organizovala Privredna komora Crne Gore, u\u010destvuju na dvadesetom Me\u0111unarodnom sajmu energetike, koji se odr\u017eava u Beogradu od 20. do 22. oktobra.","breadcrumb":{"@id":"https:\/\/epcg-sg.com\/lat\/epcg-solar-gradnja-na-medunarodnom-sajmu-energetike\/#breadcrumb"},"inLanguage":"lat","potentialAction":[{"@type":"ReadAction","target":["https:\/\/epcg-sg.com\/lat\/epcg-solar-gradnja-na-medunarodnom-sajmu-energetike\/"]}]},{"@type":"ImageObject","inLanguage":"lat","@id":"https:\/\/epcg-sg.com\/lat\/epcg-solar-gradnja-na-medunarodnom-sajmu-energetike\/#primaryimage","url":"https:\/\/epcg-sg.com\/wp-content\/uploads\/2025\/10\/IMG_5311.jpeg","contentUrl":"https:\/\/epcg-sg.com\/wp-content\/uploads\/2025\/10\/IMG_5311.jpeg","width":1284,"height":963},{"@type":"BreadcrumbList","@id":"https:\/\/epcg-sg.com\/lat\/epcg-solar-gradnja-na-medunarodnom-sajmu-energetike\/#breadcrumb","itemListElement":[{"@type":"ListItem","position":1,"name":"PO\u010cETNA","item":"https:\/\/epcg-sg.com\/lat\/"},{"@type":"ListItem","position":2,"name":"EPCG Solar gradnja na Me\u0111unarodnom sajmu energetike"}]},{"@type":"WebSite","@id":"https:\/\/epcg-sg.com\/lat\/#website","url":"https:\/\/epcg-sg.com\/lat\/","name":"\u0415\u041f\u0426\u0413 \u0421\u043e\u043b\u0430\u0440 \u0433\u0440\u0430\u0434\u045a\u0430","description":"Elektroprivreda Crne Gore","publisher":{"@id":"https:\/\/epcg-sg.com\/lat\/#organization"},"potentialAction":[{"@type":"SearchAction","target":{"@type":"EntryPoint","urlTemplate":"https:\/\/epcg-sg.com\/lat\/?s={search_term_string}"},"query-input":{"@type":"PropertyValueSpecification","valueRequired":true,"valueName":"search_term_string"}}],"inLanguage":"lat"},{"@type":"Organization","@id":"https:\/\/epcg-sg.com\/lat\/#organization","name":"EPCG Solar gradnja","url":"https:\/\/epcg-sg.com\/lat\/","logo":{"@type":"ImageObject","inLanguage":"lat","@id":"https:\/\/epcg-sg.com\/lat\/#\/schema\/logo\/image\/","url":"","contentUrl":"","caption":"EPCG Solar gradnja"},"image":{"@id":"https:\/\/epcg-sg.com\/lat\/#\/schema\/logo\/image\/"},"sameAs":["https:\/\/www.facebook.com\/solargradnjaofficialpage","https:\/\/x.com\/EpcgSolar"]},{"@type":"Person","@id":"https:\/\/epcg-sg.com\/lat\/#\/schema\/person\/ab3ed7d89cd132bf05a984825ae8b480","name":"andrija","sameAs":["https:\/\/epcg-sg.com"]}]}},"_links":{"self":[{"href":"https:\/\/epcg-sg.com\/lat\/wp-json\/wp\/v2\/posts\/3938","targetHints":{"allow":["GET"]}}],"collection":[{"href":"https:\/\/epcg-sg.com\/lat\/wp-json\/wp\/v2\/posts"}],"about":[{"href":"https:\/\/epcg-sg.com\/lat\/wp-json\/wp\/v2\/types\/post"}],"author":[{"embeddable":true,"href":"https:\/\/epcg-sg.com\/lat\/wp-json\/wp\/v2\/users\/1"}],"replies":[{"embeddable":true,"href":"https:\/\/epcg-sg.com\/lat\/wp-json\/wp\/v2\/comments?post=3938"}],"version-history":[{"count":2,"href":"https:\/\/epcg-sg.com\/lat\/wp-json\/wp\/v2\/posts\/3938\/revisions"}],"predecessor-version":[{"id":3943,"href":"https:\/\/epcg-sg.com\/lat\/wp-json\/wp\/v2\/posts\/3938\/revisions\/3943"}],"wp:featuredmedia":[{"embeddable":true,"href":"https:\/\/epcg-sg.com\/lat\/wp-json\/wp\/v2\/media\/3925"}],"wp:attachment":[{"href":"https:\/\/epcg-sg.com\/lat\/wp-json\/wp\/v2\/media?parent=3938"}],"wp:term":[{"taxonomy":"category","embeddable":true,"href":"https:\/\/epcg-sg.com\/lat\/wp-json\/wp\/v2\/categories?post=3938"},{"taxonomy":"post_tag","embeddable":true,"href":"https:\/\/epcg-sg.com\/lat\/wp-json\/wp\/v2\/tags?post=3938"}],"curies":[{"name":"wp","href":"https:\/\/api.w.org\/{rel}","templated":true}]}}