{"id":3345,"date":"2024-10-17T16:56:33","date_gmt":"2024-10-17T14:56:33","guid":{"rendered":"https:\/\/epcg-sg.com\/odbor-direktora-epcg-solar-gradnje-smijenio-valeriju-saveljic-zbog-nesavjesnog-poslovanja\/"},"modified":"2024-10-17T22:22:06","modified_gmt":"2024-10-17T20:22:06","slug":"odbor-direktora-epcg-solar-gradnje-smijenio-valeriju-saveljic-zbog-nesavjesnog-poslovanja","status":"publish","type":"post","link":"https:\/\/epcg-sg.com\/lat\/odbor-direktora-epcg-solar-gradnje-smijenio-valeriju-saveljic-zbog-nesavjesnog-poslovanja\/","title":{"rendered":"Odbor direktora EPCG Solar gradnje smijenio Valeriju Savelji\u0107 zbog nesavjesnog poslovanja"},"content":{"rendered":"\t\t<div data-elementor-type=\"wp-post\" data-elementor-id=\"3345\" class=\"elementor elementor-3345 elementor-3336\" data-elementor-post-type=\"post\">\n\t\t\t\t\t\t<section class=\"elementor-section elementor-top-section elementor-element elementor-element-382c911 elementor-section-boxed elementor-section-height-default elementor-section-height-default\" data-id=\"382c911\" data-element_type=\"section\" data-e-type=\"section\" data-settings=\"{&quot;jet_parallax_layout_list&quot;:[]}\">\n\t\t\t\t\t\t<div class=\"elementor-container elementor-column-gap-default\">\n\t\t\t\t\t<div class=\"elementor-column elementor-col-100 elementor-top-column elementor-element elementor-element-2275599\" data-id=\"2275599\" data-element_type=\"column\" data-e-type=\"column\">\n\t\t\t<div class=\"elementor-widget-wrap elementor-element-populated\">\n\t\t\t\t\t\t<div class=\"elementor-element elementor-element-19608e5 elementor-widget elementor-widget-text-editor\" data-id=\"19608e5\" data-element_type=\"widget\" data-e-type=\"widget\" data-widget_type=\"text-editor.default\">\n\t\t\t\t<div class=\"elementor-widget-container\">\n\t\t\t\t\t\t\t\t\t<p>Nakon smjene nekada\u0161nje direktorice EPCG Solar gradnje Valerije Savelji\u0107, Odbor direktora Elektroprivrede Crne Gore je 16. Oktobra razmotrio i usvojio izvje\u0161taj Odbora direktora EPCG Solar gradnje, kojim su obrazlo\u017eeni razlozi za smjenu.<\/p>\n<p>Odbor direktora Solar gradnje ponudio je ostavku ministru Sa\u0161i Mujovi\u0107u ukoliko ocijeni da je ova smjena izvr\u0161ena na \u0161tetu kompanije i iz nekih drugih, osim poslovnih, razloga.<\/p>\n<p>Prema Izvje\u0161taju OD Solar gradnje, smjena je obavljena u skladu sa odredbama Zakona o privrednim dru\u0161tvima, \u010dlan 174 i 302, po kojima Odbor direktora mo\u017ee bez obrazlo\u017eenja da smijeni izvr\u0161nog direktora.<\/p>\n\t\t\t\t\t\t\t\t<\/div>\n\t\t\t\t<\/div>\n\t\t\t\t<div class=\"elementor-element elementor-element-83e231c elementor-icon-list--layout-traditional elementor-list-item-link-full_width elementor-widget elementor-widget-icon-list\" data-id=\"83e231c\" data-element_type=\"widget\" data-e-type=\"widget\" data-widget_type=\"icon-list.default\">\n\t\t\t\t<div class=\"elementor-widget-container\">\n\t\t\t\t\t\t\t<ul class=\"elementor-icon-list-items\">\n\t\t\t\t\t\t\t<li class=\"elementor-icon-list-item\">\n\t\t\t\t\t\t\t\t\t\t\t<a href=\"https:\/\/epcg-sg.com\/wp-content\/uploads\/2024\/10\/\u0418\u043d\u0444\u043e\u0440\u043c\u0430\u0446\u0438\u0458\u0430-\u043e-\u0440\u0430\u0437\u043b\u043e\u0437\u0438\u043c\u0430-\u0441\u043c\u0458\u0435\u043d\u0435-\u0438\u0437\u0432\u0440\u0448\u043d\u0435-\u0434\u0438\u0440\u0435\u043a\u0442\u043e\u0440\u0438\u0446\u0435-\u0421\u043e\u043b\u0430\u0440-\u0433\u0440\u0430\u0434\u045a\u0435.pdf\">\n\n\t\t\t\t\t\t\t\t\t\t\t\t<span class=\"elementor-icon-list-icon\">\n\t\t\t\t\t\t\t<i aria-hidden=\"true\" class=\"fas fa-file-pdf\"><\/i>\t\t\t\t\t\t<\/span>\n\t\t\t\t\t\t\t\t\t\t<span class=\"elementor-icon-list-text\">Informacija o razlozima smjene izvr\u0161ne direktorice Solar gradnje<\/span>\n\t\t\t\t\t\t\t\t\t\t\t<\/a>\n\t\t\t\t\t\t\t\t\t<\/li>\n\t\t\t\t\t\t<\/ul>\n\t\t\t\t\t\t<\/div>\n\t\t\t\t<\/div>\n\t\t\t\t\t<\/div>\n\t\t<\/div>\n\t\t\t\t\t<\/div>\n\t\t<\/section>\n\t\t\t\t<\/div>\n\t\t","protected":false},"excerpt":{"rendered":"<p>Odbor direktora Solar gradnje ponudio je ostavku ministru Sa\u0161i Mujovi\u0107u ukoliko ocijeni da je ova smjena izvr\u0161ena na \u0161tetu kompanije i iz nekih drugih, osim poslovnih, razloga.<\/p>\n","protected":false},"author":1,"featured_media":1794,"comment_status":"closed","ping_status":"closed","sticky":false,"template":"","format":"standard","meta":{"footnotes":""},"categories":[19],"tags":[],"class_list":["post-3345","post","type-post","status-publish","format-standard","has-post-thumbnail","hentry","category-kategorija-vijesti-lat"],"yoast_head":"<!-- This site is optimized with the Yoast SEO plugin v27.2 - https:\/\/yoast.com\/product\/yoast-seo-wordpress\/ -->\n<title>Odbor direktora EPCG Solar gradnje smijenio Valeriju Savelji\u0107 zbog nesavjesnog poslovanja - Solar gradnja<\/title>\n<meta name=\"description\" content=\"Odbor direktora Solar gradnje ponudio je ostavku ministru Sa\u0161i Mujovi\u0107u ukoliko ocijeni da je ova smjena izvr\u0161ena na \u0161tetu kompanije i iz nekih drugih, osim poslovnih, razloga.\" \/>\n<meta name=\"robots\" content=\"index, follow, max-snippet:-1, max-image-preview:large, max-video-preview:-1\" \/>\n<link rel=\"canonical\" href=\"https:\/\/epcg-sg.com\/lat\/odbor-direktora-epcg-solar-gradnje-smijenio-valeriju-saveljic-zbog-nesavjesnog-poslovanja\/\" \/>\n<meta property=\"og:locale\" content=\"en_US\" \/>\n<meta property=\"og:type\" content=\"article\" \/>\n<meta property=\"og:title\" content=\"Odbor direktora EPCG Solar gradnje smijenio Valeriju Savelji\u0107 zbog nesavjesnog poslovanja - Solar gradnja\" \/>\n<meta property=\"og:description\" content=\"Odbor direktora Solar gradnje ponudio je ostavku ministru Sa\u0161i Mujovi\u0107u ukoliko ocijeni da je ova smjena izvr\u0161ena na \u0161tetu kompanije i iz nekih drugih, osim poslovnih, razloga.\" \/>\n<meta property=\"og:url\" content=\"https:\/\/epcg-sg.com\/lat\/odbor-direktora-epcg-solar-gradnje-smijenio-valeriju-saveljic-zbog-nesavjesnog-poslovanja\/\" \/>\n<meta property=\"og:site_name\" content=\"Solar gradnja\" \/>\n<meta property=\"article:publisher\" content=\"https:\/\/www.facebook.com\/solargradnjaofficialpage\" \/>\n<meta property=\"article:published_time\" content=\"2024-10-17T14:56:33+00:00\" \/>\n<meta property=\"article:modified_time\" content=\"2024-10-17T20:22:06+00:00\" \/>\n<meta property=\"og:image\" content=\"https:\/\/epcg-sg.com\/wp-content\/uploads\/2022\/06\/solar-featured.jpg\" \/>\n\t<meta property=\"og:image:width\" content=\"1200\" \/>\n\t<meta property=\"og:image:height\" content=\"658\" \/>\n\t<meta property=\"og:image:type\" content=\"image\/jpeg\" \/>\n<meta name=\"author\" content=\"andrija\" \/>\n<meta name=\"twitter:card\" content=\"summary_large_image\" \/>\n<meta name=\"twitter:creator\" content=\"@EpcgSolar\" \/>\n<meta name=\"twitter:site\" content=\"@EpcgSolar\" \/>\n<script type=\"application\/ld+json\" class=\"yoast-schema-graph\">{\"@context\":\"https:\/\/schema.org\",\"@graph\":[{\"@type\":\"Article\",\"@id\":\"https:\/\/epcg-sg.com\/lat\/odbor-direktora-epcg-solar-gradnje-smijenio-valeriju-saveljic-zbog-nesavjesnog-poslovanja\/#article\",\"isPartOf\":{\"@id\":\"https:\/\/epcg-sg.com\/lat\/odbor-direktora-epcg-solar-gradnje-smijenio-valeriju-saveljic-zbog-nesavjesnog-poslovanja\/\"},\"author\":{\"name\":\"andrija\",\"@id\":\"https:\/\/epcg-sg.com\/lat\/#\/schema\/person\/ab3ed7d89cd132bf05a984825ae8b480\"},\"headline\":\"Odbor direktora EPCG Solar gradnje smijenio Valeriju Savelji\u0107 zbog nesavjesnog poslovanja\",\"datePublished\":\"2024-10-17T14:56:33+00:00\",\"dateModified\":\"2024-10-17T20:22:06+00:00\",\"mainEntityOfPage\":{\"@id\":\"https:\/\/epcg-sg.com\/lat\/odbor-direktora-epcg-solar-gradnje-smijenio-valeriju-saveljic-zbog-nesavjesnog-poslovanja\/\"},\"wordCount\":118,\"publisher\":{\"@id\":\"https:\/\/epcg-sg.com\/lat\/#organization\"},\"image\":{\"@id\":\"https:\/\/epcg-sg.com\/lat\/odbor-direktora-epcg-solar-gradnje-smijenio-valeriju-saveljic-zbog-nesavjesnog-poslovanja\/#primaryimage\"},\"thumbnailUrl\":\"https:\/\/epcg-sg.com\/wp-content\/uploads\/2022\/06\/solar-featured.jpg\",\"articleSection\":[\"Vijesti\"],\"inLanguage\":\"lat\"},{\"@type\":\"WebPage\",\"@id\":\"https:\/\/epcg-sg.com\/lat\/odbor-direktora-epcg-solar-gradnje-smijenio-valeriju-saveljic-zbog-nesavjesnog-poslovanja\/\",\"url\":\"https:\/\/epcg-sg.com\/lat\/odbor-direktora-epcg-solar-gradnje-smijenio-valeriju-saveljic-zbog-nesavjesnog-poslovanja\/\",\"name\":\"Odbor direktora EPCG Solar gradnje smijenio Valeriju Savelji\u0107 zbog nesavjesnog poslovanja - Solar gradnja\",\"isPartOf\":{\"@id\":\"https:\/\/epcg-sg.com\/lat\/#website\"},\"primaryImageOfPage\":{\"@id\":\"https:\/\/epcg-sg.com\/lat\/odbor-direktora-epcg-solar-gradnje-smijenio-valeriju-saveljic-zbog-nesavjesnog-poslovanja\/#primaryimage\"},\"image\":{\"@id\":\"https:\/\/epcg-sg.com\/lat\/odbor-direktora-epcg-solar-gradnje-smijenio-valeriju-saveljic-zbog-nesavjesnog-poslovanja\/#primaryimage\"},\"thumbnailUrl\":\"https:\/\/epcg-sg.com\/wp-content\/uploads\/2022\/06\/solar-featured.jpg\",\"datePublished\":\"2024-10-17T14:56:33+00:00\",\"dateModified\":\"2024-10-17T20:22:06+00:00\",\"description\":\"Odbor direktora Solar gradnje ponudio je ostavku ministru Sa\u0161i Mujovi\u0107u ukoliko ocijeni da je ova smjena izvr\u0161ena na \u0161tetu kompanije i iz nekih drugih, osim poslovnih, razloga.\",\"breadcrumb\":{\"@id\":\"https:\/\/epcg-sg.com\/lat\/odbor-direktora-epcg-solar-gradnje-smijenio-valeriju-saveljic-zbog-nesavjesnog-poslovanja\/#breadcrumb\"},\"inLanguage\":\"lat\",\"potentialAction\":[{\"@type\":\"ReadAction\",\"target\":[\"https:\/\/epcg-sg.com\/lat\/odbor-direktora-epcg-solar-gradnje-smijenio-valeriju-saveljic-zbog-nesavjesnog-poslovanja\/\"]}]},{\"@type\":\"ImageObject\",\"inLanguage\":\"lat\",\"@id\":\"https:\/\/epcg-sg.com\/lat\/odbor-direktora-epcg-solar-gradnje-smijenio-valeriju-saveljic-zbog-nesavjesnog-poslovanja\/#primaryimage\",\"url\":\"https:\/\/epcg-sg.com\/wp-content\/uploads\/2022\/06\/solar-featured.jpg\",\"contentUrl\":\"https:\/\/epcg-sg.com\/wp-content\/uploads\/2022\/06\/solar-featured.jpg\",\"width\":1200,\"height\":658},{\"@type\":\"BreadcrumbList\",\"@id\":\"https:\/\/epcg-sg.com\/lat\/odbor-direktora-epcg-solar-gradnje-smijenio-valeriju-saveljic-zbog-nesavjesnog-poslovanja\/#breadcrumb\",\"itemListElement\":[{\"@type\":\"ListItem\",\"position\":1,\"name\":\"PO\u010cETNA\",\"item\":\"https:\/\/epcg-sg.com\/lat\/\"},{\"@type\":\"ListItem\",\"position\":2,\"name\":\"Odbor direktora EPCG Solar gradnje smijenio Valeriju Savelji\u0107 zbog nesavjesnog poslovanja\"}]},{\"@type\":\"WebSite\",\"@id\":\"https:\/\/epcg-sg.com\/lat\/#website\",\"url\":\"https:\/\/epcg-sg.com\/lat\/\",\"name\":\"\u0415\u041f\u0426\u0413 \u0421\u043e\u043b\u0430\u0440 \u0433\u0440\u0430\u0434\u045a\u0430\",\"description\":\"Elektroprivreda Crne Gore\",\"publisher\":{\"@id\":\"https:\/\/epcg-sg.com\/lat\/#organization\"},\"potentialAction\":[{\"@type\":\"SearchAction\",\"target\":{\"@type\":\"EntryPoint\",\"urlTemplate\":\"https:\/\/epcg-sg.com\/lat\/?s={search_term_string}\"},\"query-input\":{\"@type\":\"PropertyValueSpecification\",\"valueRequired\":true,\"valueName\":\"search_term_string\"}}],\"inLanguage\":\"lat\"},{\"@type\":\"Organization\",\"@id\":\"https:\/\/epcg-sg.com\/lat\/#organization\",\"name\":\"EPCG Solar gradnja\",\"url\":\"https:\/\/epcg-sg.com\/lat\/\",\"logo\":{\"@type\":\"ImageObject\",\"inLanguage\":\"lat\",\"@id\":\"https:\/\/epcg-sg.com\/lat\/#\/schema\/logo\/image\/\",\"url\":\"\",\"contentUrl\":\"\",\"caption\":\"EPCG Solar gradnja\"},\"image\":{\"@id\":\"https:\/\/epcg-sg.com\/lat\/#\/schema\/logo\/image\/\"},\"sameAs\":[\"https:\/\/www.facebook.com\/solargradnjaofficialpage\",\"https:\/\/x.com\/EpcgSolar\"]},{\"@type\":\"Person\",\"@id\":\"https:\/\/epcg-sg.com\/lat\/#\/schema\/person\/ab3ed7d89cd132bf05a984825ae8b480\",\"name\":\"andrija\",\"sameAs\":[\"https:\/\/epcg-sg.com\"]}]}<\/script>\n<!-- \/ Yoast SEO plugin. -->","yoast_head_json":{"title":"Odbor direktora EPCG Solar gradnje smijenio Valeriju Savelji\u0107 zbog nesavjesnog poslovanja - Solar gradnja","description":"Odbor direktora Solar gradnje ponudio je ostavku ministru Sa\u0161i Mujovi\u0107u ukoliko ocijeni da je ova smjena izvr\u0161ena na \u0161tetu kompanije i iz nekih drugih, osim poslovnih, razloga.","robots":{"index":"index","follow":"follow","max-snippet":"max-snippet:-1","max-image-preview":"max-image-preview:large","max-video-preview":"max-video-preview:-1"},"canonical":"https:\/\/epcg-sg.com\/lat\/odbor-direktora-epcg-solar-gradnje-smijenio-valeriju-saveljic-zbog-nesavjesnog-poslovanja\/","og_locale":"en_US","og_type":"article","og_title":"Odbor direktora EPCG Solar gradnje smijenio Valeriju Savelji\u0107 zbog nesavjesnog poslovanja - Solar gradnja","og_description":"Odbor direktora Solar gradnje ponudio je ostavku ministru Sa\u0161i Mujovi\u0107u ukoliko ocijeni da je ova smjena izvr\u0161ena na \u0161tetu kompanije i iz nekih drugih, osim poslovnih, razloga.","og_url":"https:\/\/epcg-sg.com\/lat\/odbor-direktora-epcg-solar-gradnje-smijenio-valeriju-saveljic-zbog-nesavjesnog-poslovanja\/","og_site_name":"Solar gradnja","article_publisher":"https:\/\/www.facebook.com\/solargradnjaofficialpage","article_published_time":"2024-10-17T14:56:33+00:00","article_modified_time":"2024-10-17T20:22:06+00:00","og_image":[{"width":1200,"height":658,"url":"https:\/\/epcg-sg.com\/wp-content\/uploads\/2022\/06\/solar-featured.jpg","type":"image\/jpeg"}],"author":"andrija","twitter_card":"summary_large_image","twitter_creator":"@EpcgSolar","twitter_site":"@EpcgSolar","schema":{"@context":"https:\/\/schema.org","@graph":[{"@type":"Article","@id":"https:\/\/epcg-sg.com\/lat\/odbor-direktora-epcg-solar-gradnje-smijenio-valeriju-saveljic-zbog-nesavjesnog-poslovanja\/#article","isPartOf":{"@id":"https:\/\/epcg-sg.com\/lat\/odbor-direktora-epcg-solar-gradnje-smijenio-valeriju-saveljic-zbog-nesavjesnog-poslovanja\/"},"author":{"name":"andrija","@id":"https:\/\/epcg-sg.com\/lat\/#\/schema\/person\/ab3ed7d89cd132bf05a984825ae8b480"},"headline":"Odbor direktora EPCG Solar gradnje smijenio Valeriju Savelji\u0107 zbog nesavjesnog poslovanja","datePublished":"2024-10-17T14:56:33+00:00","dateModified":"2024-10-17T20:22:06+00:00","mainEntityOfPage":{"@id":"https:\/\/epcg-sg.com\/lat\/odbor-direktora-epcg-solar-gradnje-smijenio-valeriju-saveljic-zbog-nesavjesnog-poslovanja\/"},"wordCount":118,"publisher":{"@id":"https:\/\/epcg-sg.com\/lat\/#organization"},"image":{"@id":"https:\/\/epcg-sg.com\/lat\/odbor-direktora-epcg-solar-gradnje-smijenio-valeriju-saveljic-zbog-nesavjesnog-poslovanja\/#primaryimage"},"thumbnailUrl":"https:\/\/epcg-sg.com\/wp-content\/uploads\/2022\/06\/solar-featured.jpg","articleSection":["Vijesti"],"inLanguage":"lat"},{"@type":"WebPage","@id":"https:\/\/epcg-sg.com\/lat\/odbor-direktora-epcg-solar-gradnje-smijenio-valeriju-saveljic-zbog-nesavjesnog-poslovanja\/","url":"https:\/\/epcg-sg.com\/lat\/odbor-direktora-epcg-solar-gradnje-smijenio-valeriju-saveljic-zbog-nesavjesnog-poslovanja\/","name":"Odbor direktora EPCG Solar gradnje smijenio Valeriju Savelji\u0107 zbog nesavjesnog poslovanja - Solar gradnja","isPartOf":{"@id":"https:\/\/epcg-sg.com\/lat\/#website"},"primaryImageOfPage":{"@id":"https:\/\/epcg-sg.com\/lat\/odbor-direktora-epcg-solar-gradnje-smijenio-valeriju-saveljic-zbog-nesavjesnog-poslovanja\/#primaryimage"},"image":{"@id":"https:\/\/epcg-sg.com\/lat\/odbor-direktora-epcg-solar-gradnje-smijenio-valeriju-saveljic-zbog-nesavjesnog-poslovanja\/#primaryimage"},"thumbnailUrl":"https:\/\/epcg-sg.com\/wp-content\/uploads\/2022\/06\/solar-featured.jpg","datePublished":"2024-10-17T14:56:33+00:00","dateModified":"2024-10-17T20:22:06+00:00","description":"Odbor direktora Solar gradnje ponudio je ostavku ministru Sa\u0161i Mujovi\u0107u ukoliko ocijeni da je ova smjena izvr\u0161ena na \u0161tetu kompanije i iz nekih drugih, osim poslovnih, razloga.","breadcrumb":{"@id":"https:\/\/epcg-sg.com\/lat\/odbor-direktora-epcg-solar-gradnje-smijenio-valeriju-saveljic-zbog-nesavjesnog-poslovanja\/#breadcrumb"},"inLanguage":"lat","potentialAction":[{"@type":"ReadAction","target":["https:\/\/epcg-sg.com\/lat\/odbor-direktora-epcg-solar-gradnje-smijenio-valeriju-saveljic-zbog-nesavjesnog-poslovanja\/"]}]},{"@type":"ImageObject","inLanguage":"lat","@id":"https:\/\/epcg-sg.com\/lat\/odbor-direktora-epcg-solar-gradnje-smijenio-valeriju-saveljic-zbog-nesavjesnog-poslovanja\/#primaryimage","url":"https:\/\/epcg-sg.com\/wp-content\/uploads\/2022\/06\/solar-featured.jpg","contentUrl":"https:\/\/epcg-sg.com\/wp-content\/uploads\/2022\/06\/solar-featured.jpg","width":1200,"height":658},{"@type":"BreadcrumbList","@id":"https:\/\/epcg-sg.com\/lat\/odbor-direktora-epcg-solar-gradnje-smijenio-valeriju-saveljic-zbog-nesavjesnog-poslovanja\/#breadcrumb","itemListElement":[{"@type":"ListItem","position":1,"name":"PO\u010cETNA","item":"https:\/\/epcg-sg.com\/lat\/"},{"@type":"ListItem","position":2,"name":"Odbor direktora EPCG Solar gradnje smijenio Valeriju Savelji\u0107 zbog nesavjesnog poslovanja"}]},{"@type":"WebSite","@id":"https:\/\/epcg-sg.com\/lat\/#website","url":"https:\/\/epcg-sg.com\/lat\/","name":"\u0415\u041f\u0426\u0413 \u0421\u043e\u043b\u0430\u0440 \u0433\u0440\u0430\u0434\u045a\u0430","description":"Elektroprivreda Crne Gore","publisher":{"@id":"https:\/\/epcg-sg.com\/lat\/#organization"},"potentialAction":[{"@type":"SearchAction","target":{"@type":"EntryPoint","urlTemplate":"https:\/\/epcg-sg.com\/lat\/?s={search_term_string}"},"query-input":{"@type":"PropertyValueSpecification","valueRequired":true,"valueName":"search_term_string"}}],"inLanguage":"lat"},{"@type":"Organization","@id":"https:\/\/epcg-sg.com\/lat\/#organization","name":"EPCG Solar gradnja","url":"https:\/\/epcg-sg.com\/lat\/","logo":{"@type":"ImageObject","inLanguage":"lat","@id":"https:\/\/epcg-sg.com\/lat\/#\/schema\/logo\/image\/","url":"","contentUrl":"","caption":"EPCG Solar gradnja"},"image":{"@id":"https:\/\/epcg-sg.com\/lat\/#\/schema\/logo\/image\/"},"sameAs":["https:\/\/www.facebook.com\/solargradnjaofficialpage","https:\/\/x.com\/EpcgSolar"]},{"@type":"Person","@id":"https:\/\/epcg-sg.com\/lat\/#\/schema\/person\/ab3ed7d89cd132bf05a984825ae8b480","name":"andrija","sameAs":["https:\/\/epcg-sg.com"]}]}},"_links":{"self":[{"href":"https:\/\/epcg-sg.com\/lat\/wp-json\/wp\/v2\/posts\/3345","targetHints":{"allow":["GET"]}}],"collection":[{"href":"https:\/\/epcg-sg.com\/lat\/wp-json\/wp\/v2\/posts"}],"about":[{"href":"https:\/\/epcg-sg.com\/lat\/wp-json\/wp\/v2\/types\/post"}],"author":[{"embeddable":true,"href":"https:\/\/epcg-sg.com\/lat\/wp-json\/wp\/v2\/users\/1"}],"replies":[{"embeddable":true,"href":"https:\/\/epcg-sg.com\/lat\/wp-json\/wp\/v2\/comments?post=3345"}],"version-history":[{"count":2,"href":"https:\/\/epcg-sg.com\/lat\/wp-json\/wp\/v2\/posts\/3345\/revisions"}],"predecessor-version":[{"id":3350,"href":"https:\/\/epcg-sg.com\/lat\/wp-json\/wp\/v2\/posts\/3345\/revisions\/3350"}],"wp:featuredmedia":[{"embeddable":true,"href":"https:\/\/epcg-sg.com\/lat\/wp-json\/wp\/v2\/media\/1794"}],"wp:attachment":[{"href":"https:\/\/epcg-sg.com\/lat\/wp-json\/wp\/v2\/media?parent=3345"}],"wp:term":[{"taxonomy":"category","embeddable":true,"href":"https:\/\/epcg-sg.com\/lat\/wp-json\/wp\/v2\/categories?post=3345"},{"taxonomy":"post_tag","embeddable":true,"href":"https:\/\/epcg-sg.com\/lat\/wp-json\/wp\/v2\/tags?post=3345"}],"curies":[{"name":"wp","href":"https:\/\/api.w.org\/{rel}","templated":true}]}}