{"id":3075,"date":"2024-02-14T11:34:01","date_gmt":"2024-02-14T09:34:01","guid":{"rendered":"https:\/\/epcg-sg.com\/u-bijelom-polju-odrzan-sastanak-u-vezi-sa-ugradnjom-fotonaponskih-sistema-a-u-cilju-smanjenja-zagadenosti-vazduha-u-toj-opstini\/"},"modified":"2024-02-14T14:03:46","modified_gmt":"2024-02-14T12:03:46","slug":"u-bijelom-polju-odrzan-sastanak-u-vezi-sa-ugradnjom-fotonaponskih-sistema-a-u-cilju-smanjenja-zagadenosti-vazduha-u-toj-opstini","status":"publish","type":"post","link":"https:\/\/epcg-sg.com\/lat\/u-bijelom-polju-odrzan-sastanak-u-vezi-sa-ugradnjom-fotonaponskih-sistema-a-u-cilju-smanjenja-zagadenosti-vazduha-u-toj-opstini\/","title":{"rendered":"U Bijelom Polju odr\u017ean sastanak u vezi sa ugradnjom fotonaponskih sistema, a u cilju smanjenja zaga\u0111enosti vazduha u toj op\u0161tini"},"content":{"rendered":"\t\t<div data-elementor-type=\"wp-post\" data-elementor-id=\"3075\" class=\"elementor elementor-3075 elementor-3069\" data-elementor-post-type=\"post\">\n\t\t\t\t\t\t<section class=\"elementor-section elementor-top-section elementor-element elementor-element-382c911 elementor-section-boxed elementor-section-height-default elementor-section-height-default\" data-id=\"382c911\" data-element_type=\"section\" data-e-type=\"section\" data-settings=\"{&quot;jet_parallax_layout_list&quot;:[]}\">\n\t\t\t\t\t\t<div class=\"elementor-container elementor-column-gap-default\">\n\t\t\t\t\t<div class=\"elementor-column elementor-col-100 elementor-top-column elementor-element elementor-element-2275599\" data-id=\"2275599\" data-element_type=\"column\" data-e-type=\"column\">\n\t\t\t<div class=\"elementor-widget-wrap elementor-element-populated\">\n\t\t\t\t\t\t<div class=\"elementor-element elementor-element-240d719 elementor-widget elementor-widget-image\" data-id=\"240d719\" data-element_type=\"widget\" data-e-type=\"widget\" data-widget_type=\"image.default\">\n\t\t\t\t<div class=\"elementor-widget-container\">\n\t\t\t\t\t\t\t\t\t\t\t\t\t\t\t<img fetchpriority=\"high\" decoding=\"async\" width=\"800\" height=\"532\" src=\"https:\/\/epcg-sg.com\/wp-content\/uploads\/2024\/02\/\u0437\u0430-\u0441\u0430\u0458\u0442-\u0444\u043e\u0442\u043e-14-02-1024x681.jpg\" class=\"attachment-large size-large wp-image-3071\" alt=\"\" srcset=\"https:\/\/epcg-sg.com\/wp-content\/uploads\/2024\/02\/\u0437\u0430-\u0441\u0430\u0458\u0442-\u0444\u043e\u0442\u043e-14-02-1024x681.jpg 1024w, https:\/\/epcg-sg.com\/wp-content\/uploads\/2024\/02\/\u0437\u0430-\u0441\u0430\u0458\u0442-\u0444\u043e\u0442\u043e-14-02-300x200.jpg 300w, https:\/\/epcg-sg.com\/wp-content\/uploads\/2024\/02\/\u0437\u0430-\u0441\u0430\u0458\u0442-\u0444\u043e\u0442\u043e-14-02-768x511.jpg 768w, https:\/\/epcg-sg.com\/wp-content\/uploads\/2024\/02\/\u0437\u0430-\u0441\u0430\u0458\u0442-\u0444\u043e\u0442\u043e-14-02-1536x1021.jpg 1536w, https:\/\/epcg-sg.com\/wp-content\/uploads\/2024\/02\/\u0437\u0430-\u0441\u0430\u0458\u0442-\u0444\u043e\u0442\u043e-14-02.jpg 1600w\" sizes=\"(max-width: 800px) 100vw, 800px\" \/>\t\t\t\t\t\t\t\t\t\t\t\t\t\t\t<\/div>\n\t\t\t\t<\/div>\n\t\t\t\t<div class=\"elementor-element elementor-element-19608e5 elementor-widget elementor-widget-text-editor\" data-id=\"19608e5\" data-element_type=\"widget\" data-e-type=\"widget\" data-widget_type=\"text-editor.default\">\n\t\t\t\t<div class=\"elementor-widget-container\">\n\t\t\t\t\t\t\t\t\t<p>Izvr\u0161na direktorica EPCG Solar gradnje Valerija Savelji\u0107 sa saradnicima Milutinom Marojevi\u0107em i Goranom Tadi\u0107em, sastala se s predsjednikom op\u0161tine Bijelo Polje Petrom Smolovi\u0107em, kako bi razgovarali o ugradnji fotonaponskih sistema u tom gradu, a u cilju smanjenja zaga\u0111enosti vazduha u Bijelom Polju.<br \/>\nNa sastanku je bilo rije\u010di o ugradnji solarnih panela na objektu sportske dvorane u Nikoljcu, krovne povr\u0161ine 5200m2, kao i na krovu zgrade Op\u0161tine Bijelo Polje, povr\u0161ine 750m2, koje pru\u017eaju mogu\u0107nost ugradnje ve\u0107ih sistema, koji \u0107e zna\u010dajno umanjiti visoke ra\u010dune za utro\u0161enu elektri\u010dnu energiju, ali i doprinijeti da se veliki potro\u0161a\u010di osamostale kao proizvo\u0111a\u010di, koriste\u0107i ekolo\u0161ki \u010dist izvor energije.<br \/>\nO\u010dekujemo da \u0107e op\u0161tina Bijelo Polje biti primjer koji treba da slijede i ostale op\u0161tine na sjeveru, a cilj EPCG Solar gradnje je da osna\u017eimo i broj\u010dano uve\u0107amo ekipe na sjeveru i samim tim nastavimo monta\u017eu solarnih panela.<br \/>\nMinistar energetike i rudarstva Sa\u0161a Mujovi\u0107 nedavno je inicirao nastavak ugradnje fotonaponskih sistema na sjeveru, naglasiv\u0161i da je problem zaga\u0111enja vazduha prioritet, a jedan od na\u010dina rje\u0161avanja tog problema je primjena programa energetske efikasnosti, koji izme\u0111u ostalog podrazumijeva ugradnju fotonaponskih sistema na krovovima objekata.<\/p>\n\t\t\t\t\t\t\t\t<\/div>\n\t\t\t\t<\/div>\n\t\t\t\t\t<\/div>\n\t\t<\/div>\n\t\t\t\t\t<\/div>\n\t\t<\/section>\n\t\t\t\t<\/div>\n\t\t","protected":false},"excerpt":{"rendered":"<p>Izvr\u0161na direktorica EPCG Solar gradnje Valerija Savelji\u0107 sa saradnicima Milutinom Marojevi\u0107 i Goranom Tadi\u0107em, sastala se s predsjednikom op\u0161tine Bijelo Polje Petrom Smolovi\u0107em, kako bi razgovarali o ugradnji fotonaponskih sistema u tom gradu, a u cilju smanjenja zaga\u0111enosti vazduha u Bijelom Polju.<\/p>\n","protected":false},"author":1,"featured_media":3071,"comment_status":"closed","ping_status":"closed","sticky":false,"template":"","format":"standard","meta":{"footnotes":""},"categories":[19],"tags":[],"class_list":["post-3075","post","type-post","status-publish","format-standard","has-post-thumbnail","hentry","category-kategorija-vijesti-lat"],"yoast_head":"<!-- This site is optimized with the Yoast SEO plugin v27.2 - https:\/\/yoast.com\/product\/yoast-seo-wordpress\/ -->\n<title>U Bijelom Polju odr\u017ean sastanak u vezi sa ugradnjom fotonaponskih sistema, a u cilju smanjenja zaga\u0111enosti vazduha u toj op\u0161tini - Solar gradnja<\/title>\n<meta name=\"description\" content=\"Izvr\u0161na direktorica EPCG Solar gradnje Valerija Savelji\u0107 sa saradnicima Milutinom Marojevi\u0107 i Goranom Tadi\u0107em, sastala se s predsjednikom op\u0161tine Bijelo Polje Petrom Smolovi\u0107em, kako bi razgovarali o ugradnji fotonaponskih sistema u tom gradu, a u cilju smanjenja zaga\u0111enosti vazduha u Bijelom Polju.\" \/>\n<meta name=\"robots\" content=\"index, follow, max-snippet:-1, max-image-preview:large, max-video-preview:-1\" \/>\n<link rel=\"canonical\" href=\"https:\/\/epcg-sg.com\/lat\/u-bijelom-polju-odrzan-sastanak-u-vezi-sa-ugradnjom-fotonaponskih-sistema-a-u-cilju-smanjenja-zagadenosti-vazduha-u-toj-opstini\/\" \/>\n<meta property=\"og:locale\" content=\"en_US\" \/>\n<meta property=\"og:type\" content=\"article\" \/>\n<meta property=\"og:title\" content=\"U Bijelom Polju odr\u017ean sastanak u vezi sa ugradnjom fotonaponskih sistema, a u cilju smanjenja zaga\u0111enosti vazduha u toj op\u0161tini - Solar gradnja\" \/>\n<meta property=\"og:description\" content=\"Izvr\u0161na direktorica EPCG Solar gradnje Valerija Savelji\u0107 sa saradnicima Milutinom Marojevi\u0107 i Goranom Tadi\u0107em, sastala se s predsjednikom op\u0161tine Bijelo Polje Petrom Smolovi\u0107em, kako bi razgovarali o ugradnji fotonaponskih sistema u tom gradu, a u cilju smanjenja zaga\u0111enosti vazduha u Bijelom Polju.\" \/>\n<meta property=\"og:url\" content=\"https:\/\/epcg-sg.com\/lat\/u-bijelom-polju-odrzan-sastanak-u-vezi-sa-ugradnjom-fotonaponskih-sistema-a-u-cilju-smanjenja-zagadenosti-vazduha-u-toj-opstini\/\" \/>\n<meta property=\"og:site_name\" content=\"Solar gradnja\" \/>\n<meta property=\"article:publisher\" content=\"https:\/\/www.facebook.com\/solargradnjaofficialpage\" \/>\n<meta property=\"article:published_time\" content=\"2024-02-14T09:34:01+00:00\" \/>\n<meta property=\"article:modified_time\" content=\"2024-02-14T12:03:46+00:00\" \/>\n<meta property=\"og:image\" content=\"https:\/\/epcg-sg.com\/wp-content\/uploads\/2024\/02\/\u0437\u0430-\u0441\u0430\u0458\u0442-\u0444\u043e\u0442\u043e-14-02.jpg\" \/>\n\t<meta property=\"og:image:width\" content=\"1600\" \/>\n\t<meta property=\"og:image:height\" content=\"1064\" \/>\n\t<meta property=\"og:image:type\" content=\"image\/jpeg\" \/>\n<meta name=\"author\" content=\"andrija\" \/>\n<meta name=\"twitter:card\" content=\"summary_large_image\" \/>\n<meta name=\"twitter:creator\" content=\"@EpcgSolar\" \/>\n<meta name=\"twitter:site\" content=\"@EpcgSolar\" \/>\n<script type=\"application\/ld+json\" class=\"yoast-schema-graph\">{\"@context\":\"https:\/\/schema.org\",\"@graph\":[{\"@type\":\"Article\",\"@id\":\"https:\/\/epcg-sg.com\/lat\/u-bijelom-polju-odrzan-sastanak-u-vezi-sa-ugradnjom-fotonaponskih-sistema-a-u-cilju-smanjenja-zagadenosti-vazduha-u-toj-opstini\/#article\",\"isPartOf\":{\"@id\":\"https:\/\/epcg-sg.com\/lat\/u-bijelom-polju-odrzan-sastanak-u-vezi-sa-ugradnjom-fotonaponskih-sistema-a-u-cilju-smanjenja-zagadenosti-vazduha-u-toj-opstini\/\"},\"author\":{\"name\":\"andrija\",\"@id\":\"https:\/\/epcg-sg.com\/lat\/#\/schema\/person\/ab3ed7d89cd132bf05a984825ae8b480\"},\"headline\":\"U Bijelom Polju odr\u017ean sastanak u vezi sa ugradnjom fotonaponskih sistema, a u cilju smanjenja zaga\u0111enosti vazduha u toj op\u0161tini\",\"datePublished\":\"2024-02-14T09:34:01+00:00\",\"dateModified\":\"2024-02-14T12:03:46+00:00\",\"mainEntityOfPage\":{\"@id\":\"https:\/\/epcg-sg.com\/lat\/u-bijelom-polju-odrzan-sastanak-u-vezi-sa-ugradnjom-fotonaponskih-sistema-a-u-cilju-smanjenja-zagadenosti-vazduha-u-toj-opstini\/\"},\"wordCount\":242,\"publisher\":{\"@id\":\"https:\/\/epcg-sg.com\/lat\/#organization\"},\"image\":{\"@id\":\"https:\/\/epcg-sg.com\/lat\/u-bijelom-polju-odrzan-sastanak-u-vezi-sa-ugradnjom-fotonaponskih-sistema-a-u-cilju-smanjenja-zagadenosti-vazduha-u-toj-opstini\/#primaryimage\"},\"thumbnailUrl\":\"https:\/\/epcg-sg.com\/wp-content\/uploads\/2024\/02\/\u0437\u0430-\u0441\u0430\u0458\u0442-\u0444\u043e\u0442\u043e-14-02.jpg\",\"articleSection\":[\"Vijesti\"],\"inLanguage\":\"lat\"},{\"@type\":\"WebPage\",\"@id\":\"https:\/\/epcg-sg.com\/lat\/u-bijelom-polju-odrzan-sastanak-u-vezi-sa-ugradnjom-fotonaponskih-sistema-a-u-cilju-smanjenja-zagadenosti-vazduha-u-toj-opstini\/\",\"url\":\"https:\/\/epcg-sg.com\/lat\/u-bijelom-polju-odrzan-sastanak-u-vezi-sa-ugradnjom-fotonaponskih-sistema-a-u-cilju-smanjenja-zagadenosti-vazduha-u-toj-opstini\/\",\"name\":\"U Bijelom Polju odr\u017ean sastanak u vezi sa ugradnjom fotonaponskih sistema, a u cilju smanjenja zaga\u0111enosti vazduha u toj op\u0161tini - Solar gradnja\",\"isPartOf\":{\"@id\":\"https:\/\/epcg-sg.com\/lat\/#website\"},\"primaryImageOfPage\":{\"@id\":\"https:\/\/epcg-sg.com\/lat\/u-bijelom-polju-odrzan-sastanak-u-vezi-sa-ugradnjom-fotonaponskih-sistema-a-u-cilju-smanjenja-zagadenosti-vazduha-u-toj-opstini\/#primaryimage\"},\"image\":{\"@id\":\"https:\/\/epcg-sg.com\/lat\/u-bijelom-polju-odrzan-sastanak-u-vezi-sa-ugradnjom-fotonaponskih-sistema-a-u-cilju-smanjenja-zagadenosti-vazduha-u-toj-opstini\/#primaryimage\"},\"thumbnailUrl\":\"https:\/\/epcg-sg.com\/wp-content\/uploads\/2024\/02\/\u0437\u0430-\u0441\u0430\u0458\u0442-\u0444\u043e\u0442\u043e-14-02.jpg\",\"datePublished\":\"2024-02-14T09:34:01+00:00\",\"dateModified\":\"2024-02-14T12:03:46+00:00\",\"description\":\"Izvr\u0161na direktorica EPCG Solar gradnje Valerija Savelji\u0107 sa saradnicima Milutinom Marojevi\u0107 i Goranom Tadi\u0107em, sastala se s predsjednikom op\u0161tine Bijelo Polje Petrom Smolovi\u0107em, kako bi razgovarali o ugradnji fotonaponskih sistema u tom gradu, a u cilju smanjenja zaga\u0111enosti vazduha u Bijelom Polju.\",\"breadcrumb\":{\"@id\":\"https:\/\/epcg-sg.com\/lat\/u-bijelom-polju-odrzan-sastanak-u-vezi-sa-ugradnjom-fotonaponskih-sistema-a-u-cilju-smanjenja-zagadenosti-vazduha-u-toj-opstini\/#breadcrumb\"},\"inLanguage\":\"lat\",\"potentialAction\":[{\"@type\":\"ReadAction\",\"target\":[\"https:\/\/epcg-sg.com\/lat\/u-bijelom-polju-odrzan-sastanak-u-vezi-sa-ugradnjom-fotonaponskih-sistema-a-u-cilju-smanjenja-zagadenosti-vazduha-u-toj-opstini\/\"]}]},{\"@type\":\"ImageObject\",\"inLanguage\":\"lat\",\"@id\":\"https:\/\/epcg-sg.com\/lat\/u-bijelom-polju-odrzan-sastanak-u-vezi-sa-ugradnjom-fotonaponskih-sistema-a-u-cilju-smanjenja-zagadenosti-vazduha-u-toj-opstini\/#primaryimage\",\"url\":\"https:\/\/epcg-sg.com\/wp-content\/uploads\/2024\/02\/\u0437\u0430-\u0441\u0430\u0458\u0442-\u0444\u043e\u0442\u043e-14-02.jpg\",\"contentUrl\":\"https:\/\/epcg-sg.com\/wp-content\/uploads\/2024\/02\/\u0437\u0430-\u0441\u0430\u0458\u0442-\u0444\u043e\u0442\u043e-14-02.jpg\",\"width\":1600,\"height\":1064},{\"@type\":\"BreadcrumbList\",\"@id\":\"https:\/\/epcg-sg.com\/lat\/u-bijelom-polju-odrzan-sastanak-u-vezi-sa-ugradnjom-fotonaponskih-sistema-a-u-cilju-smanjenja-zagadenosti-vazduha-u-toj-opstini\/#breadcrumb\",\"itemListElement\":[{\"@type\":\"ListItem\",\"position\":1,\"name\":\"PO\u010cETNA\",\"item\":\"https:\/\/epcg-sg.com\/lat\/\"},{\"@type\":\"ListItem\",\"position\":2,\"name\":\"U Bijelom Polju odr\u017ean sastanak u vezi sa ugradnjom fotonaponskih sistema, a u cilju smanjenja zaga\u0111enosti vazduha u toj op\u0161tini\"}]},{\"@type\":\"WebSite\",\"@id\":\"https:\/\/epcg-sg.com\/lat\/#website\",\"url\":\"https:\/\/epcg-sg.com\/lat\/\",\"name\":\"\u0415\u041f\u0426\u0413 \u0421\u043e\u043b\u0430\u0440 \u0433\u0440\u0430\u0434\u045a\u0430\",\"description\":\"Elektroprivreda Crne Gore\",\"publisher\":{\"@id\":\"https:\/\/epcg-sg.com\/lat\/#organization\"},\"potentialAction\":[{\"@type\":\"SearchAction\",\"target\":{\"@type\":\"EntryPoint\",\"urlTemplate\":\"https:\/\/epcg-sg.com\/lat\/?s={search_term_string}\"},\"query-input\":{\"@type\":\"PropertyValueSpecification\",\"valueRequired\":true,\"valueName\":\"search_term_string\"}}],\"inLanguage\":\"lat\"},{\"@type\":\"Organization\",\"@id\":\"https:\/\/epcg-sg.com\/lat\/#organization\",\"name\":\"EPCG Solar gradnja\",\"url\":\"https:\/\/epcg-sg.com\/lat\/\",\"logo\":{\"@type\":\"ImageObject\",\"inLanguage\":\"lat\",\"@id\":\"https:\/\/epcg-sg.com\/lat\/#\/schema\/logo\/image\/\",\"url\":\"\",\"contentUrl\":\"\",\"caption\":\"EPCG Solar gradnja\"},\"image\":{\"@id\":\"https:\/\/epcg-sg.com\/lat\/#\/schema\/logo\/image\/\"},\"sameAs\":[\"https:\/\/www.facebook.com\/solargradnjaofficialpage\",\"https:\/\/x.com\/EpcgSolar\"]},{\"@type\":\"Person\",\"@id\":\"https:\/\/epcg-sg.com\/lat\/#\/schema\/person\/ab3ed7d89cd132bf05a984825ae8b480\",\"name\":\"andrija\",\"sameAs\":[\"https:\/\/epcg-sg.com\"]}]}<\/script>\n<!-- \/ Yoast SEO plugin. -->","yoast_head_json":{"title":"U Bijelom Polju odr\u017ean sastanak u vezi sa ugradnjom fotonaponskih sistema, a u cilju smanjenja zaga\u0111enosti vazduha u toj op\u0161tini - Solar gradnja","description":"Izvr\u0161na direktorica EPCG Solar gradnje Valerija Savelji\u0107 sa saradnicima Milutinom Marojevi\u0107 i Goranom Tadi\u0107em, sastala se s predsjednikom op\u0161tine Bijelo Polje Petrom Smolovi\u0107em, kako bi razgovarali o ugradnji fotonaponskih sistema u tom gradu, a u cilju smanjenja zaga\u0111enosti vazduha u Bijelom Polju.","robots":{"index":"index","follow":"follow","max-snippet":"max-snippet:-1","max-image-preview":"max-image-preview:large","max-video-preview":"max-video-preview:-1"},"canonical":"https:\/\/epcg-sg.com\/lat\/u-bijelom-polju-odrzan-sastanak-u-vezi-sa-ugradnjom-fotonaponskih-sistema-a-u-cilju-smanjenja-zagadenosti-vazduha-u-toj-opstini\/","og_locale":"en_US","og_type":"article","og_title":"U Bijelom Polju odr\u017ean sastanak u vezi sa ugradnjom fotonaponskih sistema, a u cilju smanjenja zaga\u0111enosti vazduha u toj op\u0161tini - Solar gradnja","og_description":"Izvr\u0161na direktorica EPCG Solar gradnje Valerija Savelji\u0107 sa saradnicima Milutinom Marojevi\u0107 i Goranom Tadi\u0107em, sastala se s predsjednikom op\u0161tine Bijelo Polje Petrom Smolovi\u0107em, kako bi razgovarali o ugradnji fotonaponskih sistema u tom gradu, a u cilju smanjenja zaga\u0111enosti vazduha u Bijelom Polju.","og_url":"https:\/\/epcg-sg.com\/lat\/u-bijelom-polju-odrzan-sastanak-u-vezi-sa-ugradnjom-fotonaponskih-sistema-a-u-cilju-smanjenja-zagadenosti-vazduha-u-toj-opstini\/","og_site_name":"Solar gradnja","article_publisher":"https:\/\/www.facebook.com\/solargradnjaofficialpage","article_published_time":"2024-02-14T09:34:01+00:00","article_modified_time":"2024-02-14T12:03:46+00:00","og_image":[{"width":1600,"height":1064,"url":"https:\/\/epcg-sg.com\/wp-content\/uploads\/2024\/02\/\u0437\u0430-\u0441\u0430\u0458\u0442-\u0444\u043e\u0442\u043e-14-02.jpg","type":"image\/jpeg"}],"author":"andrija","twitter_card":"summary_large_image","twitter_creator":"@EpcgSolar","twitter_site":"@EpcgSolar","schema":{"@context":"https:\/\/schema.org","@graph":[{"@type":"Article","@id":"https:\/\/epcg-sg.com\/lat\/u-bijelom-polju-odrzan-sastanak-u-vezi-sa-ugradnjom-fotonaponskih-sistema-a-u-cilju-smanjenja-zagadenosti-vazduha-u-toj-opstini\/#article","isPartOf":{"@id":"https:\/\/epcg-sg.com\/lat\/u-bijelom-polju-odrzan-sastanak-u-vezi-sa-ugradnjom-fotonaponskih-sistema-a-u-cilju-smanjenja-zagadenosti-vazduha-u-toj-opstini\/"},"author":{"name":"andrija","@id":"https:\/\/epcg-sg.com\/lat\/#\/schema\/person\/ab3ed7d89cd132bf05a984825ae8b480"},"headline":"U Bijelom Polju odr\u017ean sastanak u vezi sa ugradnjom fotonaponskih sistema, a u cilju smanjenja zaga\u0111enosti vazduha u toj op\u0161tini","datePublished":"2024-02-14T09:34:01+00:00","dateModified":"2024-02-14T12:03:46+00:00","mainEntityOfPage":{"@id":"https:\/\/epcg-sg.com\/lat\/u-bijelom-polju-odrzan-sastanak-u-vezi-sa-ugradnjom-fotonaponskih-sistema-a-u-cilju-smanjenja-zagadenosti-vazduha-u-toj-opstini\/"},"wordCount":242,"publisher":{"@id":"https:\/\/epcg-sg.com\/lat\/#organization"},"image":{"@id":"https:\/\/epcg-sg.com\/lat\/u-bijelom-polju-odrzan-sastanak-u-vezi-sa-ugradnjom-fotonaponskih-sistema-a-u-cilju-smanjenja-zagadenosti-vazduha-u-toj-opstini\/#primaryimage"},"thumbnailUrl":"https:\/\/epcg-sg.com\/wp-content\/uploads\/2024\/02\/\u0437\u0430-\u0441\u0430\u0458\u0442-\u0444\u043e\u0442\u043e-14-02.jpg","articleSection":["Vijesti"],"inLanguage":"lat"},{"@type":"WebPage","@id":"https:\/\/epcg-sg.com\/lat\/u-bijelom-polju-odrzan-sastanak-u-vezi-sa-ugradnjom-fotonaponskih-sistema-a-u-cilju-smanjenja-zagadenosti-vazduha-u-toj-opstini\/","url":"https:\/\/epcg-sg.com\/lat\/u-bijelom-polju-odrzan-sastanak-u-vezi-sa-ugradnjom-fotonaponskih-sistema-a-u-cilju-smanjenja-zagadenosti-vazduha-u-toj-opstini\/","name":"U Bijelom Polju odr\u017ean sastanak u vezi sa ugradnjom fotonaponskih sistema, a u cilju smanjenja zaga\u0111enosti vazduha u toj op\u0161tini - Solar gradnja","isPartOf":{"@id":"https:\/\/epcg-sg.com\/lat\/#website"},"primaryImageOfPage":{"@id":"https:\/\/epcg-sg.com\/lat\/u-bijelom-polju-odrzan-sastanak-u-vezi-sa-ugradnjom-fotonaponskih-sistema-a-u-cilju-smanjenja-zagadenosti-vazduha-u-toj-opstini\/#primaryimage"},"image":{"@id":"https:\/\/epcg-sg.com\/lat\/u-bijelom-polju-odrzan-sastanak-u-vezi-sa-ugradnjom-fotonaponskih-sistema-a-u-cilju-smanjenja-zagadenosti-vazduha-u-toj-opstini\/#primaryimage"},"thumbnailUrl":"https:\/\/epcg-sg.com\/wp-content\/uploads\/2024\/02\/\u0437\u0430-\u0441\u0430\u0458\u0442-\u0444\u043e\u0442\u043e-14-02.jpg","datePublished":"2024-02-14T09:34:01+00:00","dateModified":"2024-02-14T12:03:46+00:00","description":"Izvr\u0161na direktorica EPCG Solar gradnje Valerija Savelji\u0107 sa saradnicima Milutinom Marojevi\u0107 i Goranom Tadi\u0107em, sastala se s predsjednikom op\u0161tine Bijelo Polje Petrom Smolovi\u0107em, kako bi razgovarali o ugradnji fotonaponskih sistema u tom gradu, a u cilju smanjenja zaga\u0111enosti vazduha u Bijelom Polju.","breadcrumb":{"@id":"https:\/\/epcg-sg.com\/lat\/u-bijelom-polju-odrzan-sastanak-u-vezi-sa-ugradnjom-fotonaponskih-sistema-a-u-cilju-smanjenja-zagadenosti-vazduha-u-toj-opstini\/#breadcrumb"},"inLanguage":"lat","potentialAction":[{"@type":"ReadAction","target":["https:\/\/epcg-sg.com\/lat\/u-bijelom-polju-odrzan-sastanak-u-vezi-sa-ugradnjom-fotonaponskih-sistema-a-u-cilju-smanjenja-zagadenosti-vazduha-u-toj-opstini\/"]}]},{"@type":"ImageObject","inLanguage":"lat","@id":"https:\/\/epcg-sg.com\/lat\/u-bijelom-polju-odrzan-sastanak-u-vezi-sa-ugradnjom-fotonaponskih-sistema-a-u-cilju-smanjenja-zagadenosti-vazduha-u-toj-opstini\/#primaryimage","url":"https:\/\/epcg-sg.com\/wp-content\/uploads\/2024\/02\/\u0437\u0430-\u0441\u0430\u0458\u0442-\u0444\u043e\u0442\u043e-14-02.jpg","contentUrl":"https:\/\/epcg-sg.com\/wp-content\/uploads\/2024\/02\/\u0437\u0430-\u0441\u0430\u0458\u0442-\u0444\u043e\u0442\u043e-14-02.jpg","width":1600,"height":1064},{"@type":"BreadcrumbList","@id":"https:\/\/epcg-sg.com\/lat\/u-bijelom-polju-odrzan-sastanak-u-vezi-sa-ugradnjom-fotonaponskih-sistema-a-u-cilju-smanjenja-zagadenosti-vazduha-u-toj-opstini\/#breadcrumb","itemListElement":[{"@type":"ListItem","position":1,"name":"PO\u010cETNA","item":"https:\/\/epcg-sg.com\/lat\/"},{"@type":"ListItem","position":2,"name":"U Bijelom Polju odr\u017ean sastanak u vezi sa ugradnjom fotonaponskih sistema, a u cilju smanjenja zaga\u0111enosti vazduha u toj op\u0161tini"}]},{"@type":"WebSite","@id":"https:\/\/epcg-sg.com\/lat\/#website","url":"https:\/\/epcg-sg.com\/lat\/","name":"\u0415\u041f\u0426\u0413 \u0421\u043e\u043b\u0430\u0440 \u0433\u0440\u0430\u0434\u045a\u0430","description":"Elektroprivreda Crne Gore","publisher":{"@id":"https:\/\/epcg-sg.com\/lat\/#organization"},"potentialAction":[{"@type":"SearchAction","target":{"@type":"EntryPoint","urlTemplate":"https:\/\/epcg-sg.com\/lat\/?s={search_term_string}"},"query-input":{"@type":"PropertyValueSpecification","valueRequired":true,"valueName":"search_term_string"}}],"inLanguage":"lat"},{"@type":"Organization","@id":"https:\/\/epcg-sg.com\/lat\/#organization","name":"EPCG Solar gradnja","url":"https:\/\/epcg-sg.com\/lat\/","logo":{"@type":"ImageObject","inLanguage":"lat","@id":"https:\/\/epcg-sg.com\/lat\/#\/schema\/logo\/image\/","url":"","contentUrl":"","caption":"EPCG Solar gradnja"},"image":{"@id":"https:\/\/epcg-sg.com\/lat\/#\/schema\/logo\/image\/"},"sameAs":["https:\/\/www.facebook.com\/solargradnjaofficialpage","https:\/\/x.com\/EpcgSolar"]},{"@type":"Person","@id":"https:\/\/epcg-sg.com\/lat\/#\/schema\/person\/ab3ed7d89cd132bf05a984825ae8b480","name":"andrija","sameAs":["https:\/\/epcg-sg.com"]}]}},"_links":{"self":[{"href":"https:\/\/epcg-sg.com\/lat\/wp-json\/wp\/v2\/posts\/3075","targetHints":{"allow":["GET"]}}],"collection":[{"href":"https:\/\/epcg-sg.com\/lat\/wp-json\/wp\/v2\/posts"}],"about":[{"href":"https:\/\/epcg-sg.com\/lat\/wp-json\/wp\/v2\/types\/post"}],"author":[{"embeddable":true,"href":"https:\/\/epcg-sg.com\/lat\/wp-json\/wp\/v2\/users\/1"}],"replies":[{"embeddable":true,"href":"https:\/\/epcg-sg.com\/lat\/wp-json\/wp\/v2\/comments?post=3075"}],"version-history":[{"count":2,"href":"https:\/\/epcg-sg.com\/lat\/wp-json\/wp\/v2\/posts\/3075\/revisions"}],"predecessor-version":[{"id":3080,"href":"https:\/\/epcg-sg.com\/lat\/wp-json\/wp\/v2\/posts\/3075\/revisions\/3080"}],"wp:featuredmedia":[{"embeddable":true,"href":"https:\/\/epcg-sg.com\/lat\/wp-json\/wp\/v2\/media\/3071"}],"wp:attachment":[{"href":"https:\/\/epcg-sg.com\/lat\/wp-json\/wp\/v2\/media?parent=3075"}],"wp:term":[{"taxonomy":"category","embeddable":true,"href":"https:\/\/epcg-sg.com\/lat\/wp-json\/wp\/v2\/categories?post=3075"},{"taxonomy":"post_tag","embeddable":true,"href":"https:\/\/epcg-sg.com\/lat\/wp-json\/wp\/v2\/tags?post=3075"}],"curies":[{"name":"wp","href":"https:\/\/api.w.org\/{rel}","templated":true}]}}