{"id":3056,"date":"2024-02-12T09:22:29","date_gmt":"2024-02-12T07:22:29","guid":{"rendered":"https:\/\/epcg-sg.com\/epcg-solar-gradnja-predstavila-se-na-balkan-solar-samitu-u-banja-luci-konferenciji-posvecenoj-promociji-zelene-energije-i-zastiti-zivotne-sredine\/"},"modified":"2024-02-12T09:48:02","modified_gmt":"2024-02-12T07:48:02","slug":"epcg-solar-gradnja-predstavila-se-na-balkan-solar-samitu-u-banja-luci-konferenciji-posvecenoj-promociji-zelene-energije-i-zastiti-zivotne-sredine","status":"publish","type":"post","link":"https:\/\/epcg-sg.com\/lat\/epcg-solar-gradnja-predstavila-se-na-balkan-solar-samitu-u-banja-luci-konferenciji-posvecenoj-promociji-zelene-energije-i-zastiti-zivotne-sredine\/","title":{"rendered":"EPCG Solar gradnja predstavila se na Balkan solar samitu u Banja Luci"},"content":{"rendered":"\t\t<div data-elementor-type=\"wp-post\" data-elementor-id=\"3056\" class=\"elementor elementor-3056 elementor-3020\" data-elementor-post-type=\"post\">\n\t\t\t\t\t\t<section class=\"elementor-section elementor-top-section elementor-element elementor-element-382c911 elementor-section-boxed elementor-section-height-default elementor-section-height-default\" data-id=\"382c911\" data-element_type=\"section\" data-e-type=\"section\" data-settings=\"{&quot;jet_parallax_layout_list&quot;:[]}\">\n\t\t\t\t\t\t<div class=\"elementor-container elementor-column-gap-default\">\n\t\t\t\t\t<div class=\"elementor-column elementor-col-100 elementor-top-column elementor-element elementor-element-2275599\" data-id=\"2275599\" data-element_type=\"column\" data-e-type=\"column\">\n\t\t\t<div class=\"elementor-widget-wrap elementor-element-populated\">\n\t\t\t\t\t\t<div class=\"elementor-element elementor-element-240d719 elementor-widget elementor-widget-image\" data-id=\"240d719\" data-element_type=\"widget\" data-e-type=\"widget\" data-widget_type=\"image.default\">\n\t\t\t\t<div class=\"elementor-widget-container\">\n\t\t\t\t\t\t\t\t\t\t\t\t\t\t\t<img fetchpriority=\"high\" decoding=\"async\" width=\"800\" height=\"600\" src=\"https:\/\/epcg-sg.com\/wp-content\/uploads\/2024\/02\/foto-2-1024x768.jpg\" class=\"attachment-large size-large wp-image-3023\" alt=\"\" srcset=\"https:\/\/epcg-sg.com\/wp-content\/uploads\/2024\/02\/foto-2-1024x768.jpg 1024w, https:\/\/epcg-sg.com\/wp-content\/uploads\/2024\/02\/foto-2-300x225.jpg 300w, https:\/\/epcg-sg.com\/wp-content\/uploads\/2024\/02\/foto-2-768x576.jpg 768w, https:\/\/epcg-sg.com\/wp-content\/uploads\/2024\/02\/foto-2-1536x1152.jpg 1536w, https:\/\/epcg-sg.com\/wp-content\/uploads\/2024\/02\/foto-2.jpg 1600w\" sizes=\"(max-width: 800px) 100vw, 800px\" \/>\t\t\t\t\t\t\t\t\t\t\t\t\t\t\t<\/div>\n\t\t\t\t<\/div>\n\t\t\t\t<div class=\"elementor-element elementor-element-19608e5 elementor-widget elementor-widget-text-editor\" data-id=\"19608e5\" data-element_type=\"widget\" data-e-type=\"widget\" data-widget_type=\"text-editor.default\">\n\t\t\t\t<div class=\"elementor-widget-container\">\n\t\t\t\t\t\t\t\t\t<p>EPCG Solar gradnja predstavila se na Balkan solar samitu u Banja Luci, konferenciji posve\u0107enoj promociji zelene energije i za\u0161titi \u017eivotne sredine.<\/p>\n<p>,,Samit u Banja Luci bio je prilika da se pove\u017eemo i razmijenimo iskustva sa kolegama iz regiona, koji su na istom zadatku kao i mi, a to je da pove\u0107amo u\u010de\u0161\u0107e obnovljivih izvora u proizvodnji elektri\u010dne energije i time odgovorimo i na ekolo\u0161ke zahtjeve, ali i da energetski sektor dodatno razvijamo i ekonomski osna\u017eimo\u2019\u2019, kazala je izvr\u0161na direktorica EPCG Solar gradnje Valerija Savelji\u0107.<\/p>\n<p>U obra\u0107anju je bilo rije\u010di o projektima masovne ugradnje krovnih fotonaponskih sistema, u \u010demu je Elektroprivreda Crne Gore pionir u regionu.<\/p>\n<p>,,Ponosni smo na \u010dinjenicu da smo, kao mlada firma u okviru Elektroprivrede, do sada montirali solarne panele ukupne snage 30MW kroz prvi projekat Solari 3000+ i 500+ koji se sad nastavlja kroz jo\u0161 ve\u0107i projekat Solari 5000+, a koji podrazumijevaju ugradnju krovnih solarnih elektrana kod doma\u0107instava i poslovnih korisnika. Prvi smo u regionu pokrenuli projekat masovne ugradnje kroz javne pozive svima koji zadovoljavaju uslove za ugradnju, da se prijave i postanu proizvo\u0111a\u010di elektri\u010dne energije, da u tom smislu steknu odre\u0111enu samostalnost ali i finansijski benefit u vidu zna\u010dajnog umanjenja ra\u010duna za struju. Istovremeno, mi kao kompanija ostvarujemo profit od oslobo\u0111ene energije, Elektroprivreda struju koju je plasirala korisnicima mo\u017ee da preusmjeri na berzu po ve\u0107im cijenama, tako da su benefiti vi\u0161estruki. Tako\u0111e, smanjenje kori\u0161\u0107enja \u0161tetnih izvora energije, prije svega uglja, ekolo\u0161ki je imperativ i ne\u0161to \u0161to kao zahtjev dolazi i sa zvani\u010dnih evropskih adresa i obavezuje nas da idemo u tom pravcu, pa je po\u010detak realizacije projekata u oblasti solarne energije u Crnoj Gori ozbiljan iskorak u procesu energetske tranzicije\u2019\u2019, kazala je izvr\u0161na direktorica.<\/p>\n\t\t\t\t\t\t\t\t<\/div>\n\t\t\t\t<\/div>\n\t\t\t\t<div class=\"elementor-element elementor-element-0fc863f elementor-widget elementor-widget-image\" data-id=\"0fc863f\" data-element_type=\"widget\" data-e-type=\"widget\" data-widget_type=\"image.default\">\n\t\t\t\t<div class=\"elementor-widget-container\">\n\t\t\t\t\t\t\t\t\t\t\t\t\t\t\t<img decoding=\"async\" width=\"1152\" height=\"1536\" src=\"https:\/\/epcg-sg.com\/wp-content\/uploads\/2024\/02\/foto-1-1152x1536.jpg\" class=\"attachment-1536x1536 size-1536x1536 wp-image-3025\" alt=\"\" srcset=\"https:\/\/epcg-sg.com\/wp-content\/uploads\/2024\/02\/foto-1-1152x1536.jpg 1152w, https:\/\/epcg-sg.com\/wp-content\/uploads\/2024\/02\/foto-1-225x300.jpg 225w, https:\/\/epcg-sg.com\/wp-content\/uploads\/2024\/02\/foto-1-768x1024.jpg 768w, https:\/\/epcg-sg.com\/wp-content\/uploads\/2024\/02\/foto-1.jpg 1200w\" sizes=\"(max-width: 1152px) 100vw, 1152px\" \/>\t\t\t\t\t\t\t\t\t\t\t\t\t\t\t<\/div>\n\t\t\t\t<\/div>\n\t\t\t\t<div class=\"elementor-element elementor-element-033dee3 elementor-widget elementor-widget-text-editor\" data-id=\"033dee3\" data-element_type=\"widget\" data-e-type=\"widget\" data-widget_type=\"text-editor.default\">\n\t\t\t\t<div class=\"elementor-widget-container\">\n\t\t\t\t\t\t\t\t\t<p>Balkan solar samit odr\u017ean u Banja Luci 8. i 9. februara okupio je vi\u0161e od 450 u\u010desnika, predava\u010de iz oblasti energetike i finansija, dr\u017eavne zvani\u010dnike, a organizovan je pod pokroviteljstvom Ministarstva spoljne trgovine i ekonomskih odnosa Bosne i Hercegovine.<\/p>\n\t\t\t\t\t\t\t\t<\/div>\n\t\t\t\t<\/div>\n\t\t\t\t\t<\/div>\n\t\t<\/div>\n\t\t\t\t\t<\/div>\n\t\t<\/section>\n\t\t\t\t<\/div>\n\t\t","protected":false},"excerpt":{"rendered":"<p>EPCG Solar gradnja predstavila se na Balkan solar samitu u Banja Luci, konferenciji posve\u0107enoj promociji zelene energije i za\u0161titi \u017eivotne sredine. ,,Samit u Banja Luci bio je prilika da se pove\u017eemo i razmijenimo iskustva sa kolegama iz regiona, koji su na istom zadatku kao i mi, a to je da pove\u0107amo u\u010de\u0161\u0107e obnovljivih izvora u [&hellip;]<\/p>\n","protected":false},"author":1,"featured_media":3023,"comment_status":"closed","ping_status":"closed","sticky":false,"template":"","format":"standard","meta":{"footnotes":""},"categories":[19],"tags":[],"class_list":["post-3056","post","type-post","status-publish","format-standard","has-post-thumbnail","hentry","category-kategorija-vijesti-lat"],"yoast_head":"<!-- This site is optimized with the Yoast SEO plugin v27.2 - https:\/\/yoast.com\/product\/yoast-seo-wordpress\/ -->\n<title>EPCG Solar gradnja predstavila se na Balkan solar samitu u Banja Luci - Solar gradnja<\/title>\n<meta name=\"description\" content=\"U obra\u0107anju je bilo rije\u010di o projektima masovne ugradnje krovnih fotonaponskih sistema, u \u010demu je Elektroprivreda Crne Gore pionir u regionu.\" \/>\n<meta name=\"robots\" content=\"index, follow, max-snippet:-1, max-image-preview:large, max-video-preview:-1\" \/>\n<link rel=\"canonical\" href=\"https:\/\/epcg-sg.com\/lat\/epcg-solar-gradnja-predstavila-se-na-balkan-solar-samitu-u-banja-luci-konferenciji-posvecenoj-promociji-zelene-energije-i-zastiti-zivotne-sredine\/\" \/>\n<meta property=\"og:locale\" content=\"en_US\" \/>\n<meta property=\"og:type\" content=\"article\" \/>\n<meta property=\"og:title\" content=\"EPCG Solar gradnja predstavila se na Balkan solar samitu u Banja Luci - Solar gradnja\" \/>\n<meta property=\"og:description\" content=\"U obra\u0107anju je bilo rije\u010di o projektima masovne ugradnje krovnih fotonaponskih sistema, u \u010demu je Elektroprivreda Crne Gore pionir u regionu.\" \/>\n<meta property=\"og:url\" content=\"https:\/\/epcg-sg.com\/lat\/epcg-solar-gradnja-predstavila-se-na-balkan-solar-samitu-u-banja-luci-konferenciji-posvecenoj-promociji-zelene-energije-i-zastiti-zivotne-sredine\/\" \/>\n<meta property=\"og:site_name\" content=\"Solar gradnja\" \/>\n<meta property=\"article:publisher\" content=\"https:\/\/www.facebook.com\/solargradnjaofficialpage\" \/>\n<meta property=\"article:published_time\" content=\"2024-02-12T07:22:29+00:00\" \/>\n<meta property=\"article:modified_time\" content=\"2024-02-12T07:48:02+00:00\" \/>\n<meta property=\"og:image\" content=\"https:\/\/epcg-sg.com\/wp-content\/uploads\/2024\/02\/foto-2.jpg\" \/>\n\t<meta property=\"og:image:width\" content=\"1600\" \/>\n\t<meta property=\"og:image:height\" content=\"1200\" \/>\n\t<meta property=\"og:image:type\" content=\"image\/jpeg\" \/>\n<meta name=\"author\" content=\"andrija\" \/>\n<meta name=\"twitter:card\" content=\"summary_large_image\" \/>\n<meta name=\"twitter:creator\" content=\"@EpcgSolar\" \/>\n<meta name=\"twitter:site\" content=\"@EpcgSolar\" \/>\n<script type=\"application\/ld+json\" class=\"yoast-schema-graph\">{\"@context\":\"https:\/\/schema.org\",\"@graph\":[{\"@type\":\"Article\",\"@id\":\"https:\/\/epcg-sg.com\/lat\/epcg-solar-gradnja-predstavila-se-na-balkan-solar-samitu-u-banja-luci-konferenciji-posvecenoj-promociji-zelene-energije-i-zastiti-zivotne-sredine\/#article\",\"isPartOf\":{\"@id\":\"https:\/\/epcg-sg.com\/lat\/epcg-solar-gradnja-predstavila-se-na-balkan-solar-samitu-u-banja-luci-konferenciji-posvecenoj-promociji-zelene-energije-i-zastiti-zivotne-sredine\/\"},\"author\":{\"name\":\"andrija\",\"@id\":\"https:\/\/epcg-sg.com\/lat\/#\/schema\/person\/ab3ed7d89cd132bf05a984825ae8b480\"},\"headline\":\"EPCG Solar gradnja predstavila se na Balkan solar samitu u Banja Luci\",\"datePublished\":\"2024-02-12T07:22:29+00:00\",\"dateModified\":\"2024-02-12T07:48:02+00:00\",\"mainEntityOfPage\":{\"@id\":\"https:\/\/epcg-sg.com\/lat\/epcg-solar-gradnja-predstavila-se-na-balkan-solar-samitu-u-banja-luci-konferenciji-posvecenoj-promociji-zelene-energije-i-zastiti-zivotne-sredine\/\"},\"wordCount\":360,\"publisher\":{\"@id\":\"https:\/\/epcg-sg.com\/lat\/#organization\"},\"image\":{\"@id\":\"https:\/\/epcg-sg.com\/lat\/epcg-solar-gradnja-predstavila-se-na-balkan-solar-samitu-u-banja-luci-konferenciji-posvecenoj-promociji-zelene-energije-i-zastiti-zivotne-sredine\/#primaryimage\"},\"thumbnailUrl\":\"https:\/\/epcg-sg.com\/wp-content\/uploads\/2024\/02\/foto-2.jpg\",\"articleSection\":[\"Vijesti\"],\"inLanguage\":\"lat\"},{\"@type\":\"WebPage\",\"@id\":\"https:\/\/epcg-sg.com\/lat\/epcg-solar-gradnja-predstavila-se-na-balkan-solar-samitu-u-banja-luci-konferenciji-posvecenoj-promociji-zelene-energije-i-zastiti-zivotne-sredine\/\",\"url\":\"https:\/\/epcg-sg.com\/lat\/epcg-solar-gradnja-predstavila-se-na-balkan-solar-samitu-u-banja-luci-konferenciji-posvecenoj-promociji-zelene-energije-i-zastiti-zivotne-sredine\/\",\"name\":\"EPCG Solar gradnja predstavila se na Balkan solar samitu u Banja Luci - Solar gradnja\",\"isPartOf\":{\"@id\":\"https:\/\/epcg-sg.com\/lat\/#website\"},\"primaryImageOfPage\":{\"@id\":\"https:\/\/epcg-sg.com\/lat\/epcg-solar-gradnja-predstavila-se-na-balkan-solar-samitu-u-banja-luci-konferenciji-posvecenoj-promociji-zelene-energije-i-zastiti-zivotne-sredine\/#primaryimage\"},\"image\":{\"@id\":\"https:\/\/epcg-sg.com\/lat\/epcg-solar-gradnja-predstavila-se-na-balkan-solar-samitu-u-banja-luci-konferenciji-posvecenoj-promociji-zelene-energije-i-zastiti-zivotne-sredine\/#primaryimage\"},\"thumbnailUrl\":\"https:\/\/epcg-sg.com\/wp-content\/uploads\/2024\/02\/foto-2.jpg\",\"datePublished\":\"2024-02-12T07:22:29+00:00\",\"dateModified\":\"2024-02-12T07:48:02+00:00\",\"description\":\"U obra\u0107anju je bilo rije\u010di o projektima masovne ugradnje krovnih fotonaponskih sistema, u \u010demu je Elektroprivreda Crne Gore pionir u regionu.\",\"breadcrumb\":{\"@id\":\"https:\/\/epcg-sg.com\/lat\/epcg-solar-gradnja-predstavila-se-na-balkan-solar-samitu-u-banja-luci-konferenciji-posvecenoj-promociji-zelene-energije-i-zastiti-zivotne-sredine\/#breadcrumb\"},\"inLanguage\":\"lat\",\"potentialAction\":[{\"@type\":\"ReadAction\",\"target\":[\"https:\/\/epcg-sg.com\/lat\/epcg-solar-gradnja-predstavila-se-na-balkan-solar-samitu-u-banja-luci-konferenciji-posvecenoj-promociji-zelene-energije-i-zastiti-zivotne-sredine\/\"]}]},{\"@type\":\"ImageObject\",\"inLanguage\":\"lat\",\"@id\":\"https:\/\/epcg-sg.com\/lat\/epcg-solar-gradnja-predstavila-se-na-balkan-solar-samitu-u-banja-luci-konferenciji-posvecenoj-promociji-zelene-energije-i-zastiti-zivotne-sredine\/#primaryimage\",\"url\":\"https:\/\/epcg-sg.com\/wp-content\/uploads\/2024\/02\/foto-2.jpg\",\"contentUrl\":\"https:\/\/epcg-sg.com\/wp-content\/uploads\/2024\/02\/foto-2.jpg\",\"width\":1600,\"height\":1200},{\"@type\":\"BreadcrumbList\",\"@id\":\"https:\/\/epcg-sg.com\/lat\/epcg-solar-gradnja-predstavila-se-na-balkan-solar-samitu-u-banja-luci-konferenciji-posvecenoj-promociji-zelene-energije-i-zastiti-zivotne-sredine\/#breadcrumb\",\"itemListElement\":[{\"@type\":\"ListItem\",\"position\":1,\"name\":\"PO\u010cETNA\",\"item\":\"https:\/\/epcg-sg.com\/lat\/\"},{\"@type\":\"ListItem\",\"position\":2,\"name\":\"EPCG Solar gradnja predstavila se na Balkan solar samitu u Banja Luci\"}]},{\"@type\":\"WebSite\",\"@id\":\"https:\/\/epcg-sg.com\/lat\/#website\",\"url\":\"https:\/\/epcg-sg.com\/lat\/\",\"name\":\"\u0415\u041f\u0426\u0413 \u0421\u043e\u043b\u0430\u0440 \u0433\u0440\u0430\u0434\u045a\u0430\",\"description\":\"Elektroprivreda Crne Gore\",\"publisher\":{\"@id\":\"https:\/\/epcg-sg.com\/lat\/#organization\"},\"potentialAction\":[{\"@type\":\"SearchAction\",\"target\":{\"@type\":\"EntryPoint\",\"urlTemplate\":\"https:\/\/epcg-sg.com\/lat\/?s={search_term_string}\"},\"query-input\":{\"@type\":\"PropertyValueSpecification\",\"valueRequired\":true,\"valueName\":\"search_term_string\"}}],\"inLanguage\":\"lat\"},{\"@type\":\"Organization\",\"@id\":\"https:\/\/epcg-sg.com\/lat\/#organization\",\"name\":\"EPCG Solar gradnja\",\"url\":\"https:\/\/epcg-sg.com\/lat\/\",\"logo\":{\"@type\":\"ImageObject\",\"inLanguage\":\"lat\",\"@id\":\"https:\/\/epcg-sg.com\/lat\/#\/schema\/logo\/image\/\",\"url\":\"\",\"contentUrl\":\"\",\"caption\":\"EPCG Solar gradnja\"},\"image\":{\"@id\":\"https:\/\/epcg-sg.com\/lat\/#\/schema\/logo\/image\/\"},\"sameAs\":[\"https:\/\/www.facebook.com\/solargradnjaofficialpage\",\"https:\/\/x.com\/EpcgSolar\"]},{\"@type\":\"Person\",\"@id\":\"https:\/\/epcg-sg.com\/lat\/#\/schema\/person\/ab3ed7d89cd132bf05a984825ae8b480\",\"name\":\"andrija\",\"sameAs\":[\"https:\/\/epcg-sg.com\"]}]}<\/script>\n<!-- \/ Yoast SEO plugin. -->","yoast_head_json":{"title":"EPCG Solar gradnja predstavila se na Balkan solar samitu u Banja Luci - Solar gradnja","description":"U obra\u0107anju je bilo rije\u010di o projektima masovne ugradnje krovnih fotonaponskih sistema, u \u010demu je Elektroprivreda Crne Gore pionir u regionu.","robots":{"index":"index","follow":"follow","max-snippet":"max-snippet:-1","max-image-preview":"max-image-preview:large","max-video-preview":"max-video-preview:-1"},"canonical":"https:\/\/epcg-sg.com\/lat\/epcg-solar-gradnja-predstavila-se-na-balkan-solar-samitu-u-banja-luci-konferenciji-posvecenoj-promociji-zelene-energije-i-zastiti-zivotne-sredine\/","og_locale":"en_US","og_type":"article","og_title":"EPCG Solar gradnja predstavila se na Balkan solar samitu u Banja Luci - Solar gradnja","og_description":"U obra\u0107anju je bilo rije\u010di o projektima masovne ugradnje krovnih fotonaponskih sistema, u \u010demu je Elektroprivreda Crne Gore pionir u regionu.","og_url":"https:\/\/epcg-sg.com\/lat\/epcg-solar-gradnja-predstavila-se-na-balkan-solar-samitu-u-banja-luci-konferenciji-posvecenoj-promociji-zelene-energije-i-zastiti-zivotne-sredine\/","og_site_name":"Solar gradnja","article_publisher":"https:\/\/www.facebook.com\/solargradnjaofficialpage","article_published_time":"2024-02-12T07:22:29+00:00","article_modified_time":"2024-02-12T07:48:02+00:00","og_image":[{"width":1600,"height":1200,"url":"https:\/\/epcg-sg.com\/wp-content\/uploads\/2024\/02\/foto-2.jpg","type":"image\/jpeg"}],"author":"andrija","twitter_card":"summary_large_image","twitter_creator":"@EpcgSolar","twitter_site":"@EpcgSolar","schema":{"@context":"https:\/\/schema.org","@graph":[{"@type":"Article","@id":"https:\/\/epcg-sg.com\/lat\/epcg-solar-gradnja-predstavila-se-na-balkan-solar-samitu-u-banja-luci-konferenciji-posvecenoj-promociji-zelene-energije-i-zastiti-zivotne-sredine\/#article","isPartOf":{"@id":"https:\/\/epcg-sg.com\/lat\/epcg-solar-gradnja-predstavila-se-na-balkan-solar-samitu-u-banja-luci-konferenciji-posvecenoj-promociji-zelene-energije-i-zastiti-zivotne-sredine\/"},"author":{"name":"andrija","@id":"https:\/\/epcg-sg.com\/lat\/#\/schema\/person\/ab3ed7d89cd132bf05a984825ae8b480"},"headline":"EPCG Solar gradnja predstavila se na Balkan solar samitu u Banja Luci","datePublished":"2024-02-12T07:22:29+00:00","dateModified":"2024-02-12T07:48:02+00:00","mainEntityOfPage":{"@id":"https:\/\/epcg-sg.com\/lat\/epcg-solar-gradnja-predstavila-se-na-balkan-solar-samitu-u-banja-luci-konferenciji-posvecenoj-promociji-zelene-energije-i-zastiti-zivotne-sredine\/"},"wordCount":360,"publisher":{"@id":"https:\/\/epcg-sg.com\/lat\/#organization"},"image":{"@id":"https:\/\/epcg-sg.com\/lat\/epcg-solar-gradnja-predstavila-se-na-balkan-solar-samitu-u-banja-luci-konferenciji-posvecenoj-promociji-zelene-energije-i-zastiti-zivotne-sredine\/#primaryimage"},"thumbnailUrl":"https:\/\/epcg-sg.com\/wp-content\/uploads\/2024\/02\/foto-2.jpg","articleSection":["Vijesti"],"inLanguage":"lat"},{"@type":"WebPage","@id":"https:\/\/epcg-sg.com\/lat\/epcg-solar-gradnja-predstavila-se-na-balkan-solar-samitu-u-banja-luci-konferenciji-posvecenoj-promociji-zelene-energije-i-zastiti-zivotne-sredine\/","url":"https:\/\/epcg-sg.com\/lat\/epcg-solar-gradnja-predstavila-se-na-balkan-solar-samitu-u-banja-luci-konferenciji-posvecenoj-promociji-zelene-energije-i-zastiti-zivotne-sredine\/","name":"EPCG Solar gradnja predstavila se na Balkan solar samitu u Banja Luci - Solar gradnja","isPartOf":{"@id":"https:\/\/epcg-sg.com\/lat\/#website"},"primaryImageOfPage":{"@id":"https:\/\/epcg-sg.com\/lat\/epcg-solar-gradnja-predstavila-se-na-balkan-solar-samitu-u-banja-luci-konferenciji-posvecenoj-promociji-zelene-energije-i-zastiti-zivotne-sredine\/#primaryimage"},"image":{"@id":"https:\/\/epcg-sg.com\/lat\/epcg-solar-gradnja-predstavila-se-na-balkan-solar-samitu-u-banja-luci-konferenciji-posvecenoj-promociji-zelene-energije-i-zastiti-zivotne-sredine\/#primaryimage"},"thumbnailUrl":"https:\/\/epcg-sg.com\/wp-content\/uploads\/2024\/02\/foto-2.jpg","datePublished":"2024-02-12T07:22:29+00:00","dateModified":"2024-02-12T07:48:02+00:00","description":"U obra\u0107anju je bilo rije\u010di o projektima masovne ugradnje krovnih fotonaponskih sistema, u \u010demu je Elektroprivreda Crne Gore pionir u regionu.","breadcrumb":{"@id":"https:\/\/epcg-sg.com\/lat\/epcg-solar-gradnja-predstavila-se-na-balkan-solar-samitu-u-banja-luci-konferenciji-posvecenoj-promociji-zelene-energije-i-zastiti-zivotne-sredine\/#breadcrumb"},"inLanguage":"lat","potentialAction":[{"@type":"ReadAction","target":["https:\/\/epcg-sg.com\/lat\/epcg-solar-gradnja-predstavila-se-na-balkan-solar-samitu-u-banja-luci-konferenciji-posvecenoj-promociji-zelene-energije-i-zastiti-zivotne-sredine\/"]}]},{"@type":"ImageObject","inLanguage":"lat","@id":"https:\/\/epcg-sg.com\/lat\/epcg-solar-gradnja-predstavila-se-na-balkan-solar-samitu-u-banja-luci-konferenciji-posvecenoj-promociji-zelene-energije-i-zastiti-zivotne-sredine\/#primaryimage","url":"https:\/\/epcg-sg.com\/wp-content\/uploads\/2024\/02\/foto-2.jpg","contentUrl":"https:\/\/epcg-sg.com\/wp-content\/uploads\/2024\/02\/foto-2.jpg","width":1600,"height":1200},{"@type":"BreadcrumbList","@id":"https:\/\/epcg-sg.com\/lat\/epcg-solar-gradnja-predstavila-se-na-balkan-solar-samitu-u-banja-luci-konferenciji-posvecenoj-promociji-zelene-energije-i-zastiti-zivotne-sredine\/#breadcrumb","itemListElement":[{"@type":"ListItem","position":1,"name":"PO\u010cETNA","item":"https:\/\/epcg-sg.com\/lat\/"},{"@type":"ListItem","position":2,"name":"EPCG Solar gradnja predstavila se na Balkan solar samitu u Banja Luci"}]},{"@type":"WebSite","@id":"https:\/\/epcg-sg.com\/lat\/#website","url":"https:\/\/epcg-sg.com\/lat\/","name":"\u0415\u041f\u0426\u0413 \u0421\u043e\u043b\u0430\u0440 \u0433\u0440\u0430\u0434\u045a\u0430","description":"Elektroprivreda Crne Gore","publisher":{"@id":"https:\/\/epcg-sg.com\/lat\/#organization"},"potentialAction":[{"@type":"SearchAction","target":{"@type":"EntryPoint","urlTemplate":"https:\/\/epcg-sg.com\/lat\/?s={search_term_string}"},"query-input":{"@type":"PropertyValueSpecification","valueRequired":true,"valueName":"search_term_string"}}],"inLanguage":"lat"},{"@type":"Organization","@id":"https:\/\/epcg-sg.com\/lat\/#organization","name":"EPCG Solar gradnja","url":"https:\/\/epcg-sg.com\/lat\/","logo":{"@type":"ImageObject","inLanguage":"lat","@id":"https:\/\/epcg-sg.com\/lat\/#\/schema\/logo\/image\/","url":"","contentUrl":"","caption":"EPCG Solar gradnja"},"image":{"@id":"https:\/\/epcg-sg.com\/lat\/#\/schema\/logo\/image\/"},"sameAs":["https:\/\/www.facebook.com\/solargradnjaofficialpage","https:\/\/x.com\/EpcgSolar"]},{"@type":"Person","@id":"https:\/\/epcg-sg.com\/lat\/#\/schema\/person\/ab3ed7d89cd132bf05a984825ae8b480","name":"andrija","sameAs":["https:\/\/epcg-sg.com"]}]}},"_links":{"self":[{"href":"https:\/\/epcg-sg.com\/lat\/wp-json\/wp\/v2\/posts\/3056","targetHints":{"allow":["GET"]}}],"collection":[{"href":"https:\/\/epcg-sg.com\/lat\/wp-json\/wp\/v2\/posts"}],"about":[{"href":"https:\/\/epcg-sg.com\/lat\/wp-json\/wp\/v2\/types\/post"}],"author":[{"embeddable":true,"href":"https:\/\/epcg-sg.com\/lat\/wp-json\/wp\/v2\/users\/1"}],"replies":[{"embeddable":true,"href":"https:\/\/epcg-sg.com\/lat\/wp-json\/wp\/v2\/comments?post=3056"}],"version-history":[{"count":4,"href":"https:\/\/epcg-sg.com\/lat\/wp-json\/wp\/v2\/posts\/3056\/revisions"}],"predecessor-version":[{"id":3068,"href":"https:\/\/epcg-sg.com\/lat\/wp-json\/wp\/v2\/posts\/3056\/revisions\/3068"}],"wp:featuredmedia":[{"embeddable":true,"href":"https:\/\/epcg-sg.com\/lat\/wp-json\/wp\/v2\/media\/3023"}],"wp:attachment":[{"href":"https:\/\/epcg-sg.com\/lat\/wp-json\/wp\/v2\/media?parent=3056"}],"wp:term":[{"taxonomy":"category","embeddable":true,"href":"https:\/\/epcg-sg.com\/lat\/wp-json\/wp\/v2\/categories?post=3056"},{"taxonomy":"post_tag","embeddable":true,"href":"https:\/\/epcg-sg.com\/lat\/wp-json\/wp\/v2\/tags?post=3056"}],"curies":[{"name":"wp","href":"https:\/\/api.w.org\/{rel}","templated":true}]}}