{"id":2940,"date":"2024-01-19T09:20:29","date_gmt":"2024-01-19T07:20:29","guid":{"rendered":"https:\/\/epcg-sg.com\/nema-razloga-za-strepnju-za-odrzivost-solar-gradnje\/"},"modified":"2024-01-22T09:25:35","modified_gmt":"2024-01-22T07:25:35","slug":"nema-razloga-za-strepnju-za-odrzivost-solar-gradnje","status":"publish","type":"post","link":"https:\/\/epcg-sg.com\/lat\/nema-razloga-za-strepnju-za-odrzivost-solar-gradnje\/","title":{"rendered":"Nema razloga za strepnju za odr\u017eivost Solar gradnje"},"content":{"rendered":"\t\t<div data-elementor-type=\"wp-post\" data-elementor-id=\"2940\" class=\"elementor elementor-2940 elementor-2933\" data-elementor-post-type=\"post\">\n\t\t\t\t\t\t<section class=\"elementor-section elementor-top-section elementor-element elementor-element-de2197b elementor-section-boxed elementor-section-height-default elementor-section-height-default\" data-id=\"de2197b\" data-element_type=\"section\" data-e-type=\"section\" data-settings=\"{&quot;jet_parallax_layout_list&quot;:[]}\">\n\t\t\t\t\t\t<div class=\"elementor-container elementor-column-gap-default\">\n\t\t\t\t\t<div class=\"elementor-column elementor-col-100 elementor-top-column elementor-element elementor-element-f094763\" data-id=\"f094763\" data-element_type=\"column\" data-e-type=\"column\">\n\t\t\t<div class=\"elementor-widget-wrap elementor-element-populated\">\n\t\t\t\t\t\t<div class=\"elementor-element elementor-element-9752ed5 elementor-widget elementor-widget-image\" data-id=\"9752ed5\" data-element_type=\"widget\" data-e-type=\"widget\" data-widget_type=\"image.default\">\n\t\t\t\t<div class=\"elementor-widget-container\">\n\t\t\t\t\t\t\t\t\t\t\t\t\t\t\t<img fetchpriority=\"high\" decoding=\"async\" width=\"900\" height=\"517\" src=\"https:\/\/epcg-sg.com\/wp-content\/uploads\/2024\/01\/vs_517x900.jpeg\" class=\"attachment-full size-full wp-image-2935\" alt=\"\" srcset=\"https:\/\/epcg-sg.com\/wp-content\/uploads\/2024\/01\/vs_517x900.jpeg 900w, https:\/\/epcg-sg.com\/wp-content\/uploads\/2024\/01\/vs_517x900-300x172.jpeg 300w, https:\/\/epcg-sg.com\/wp-content\/uploads\/2024\/01\/vs_517x900-768x441.jpeg 768w\" sizes=\"(max-width: 900px) 100vw, 900px\" \/>\t\t\t\t\t\t\t\t\t\t\t\t\t\t\t<\/div>\n\t\t\t\t<\/div>\n\t\t\t\t<div class=\"elementor-element elementor-element-b3942a6 elementor-widget elementor-widget-text-editor\" data-id=\"b3942a6\" data-element_type=\"widget\" data-e-type=\"widget\" data-widget_type=\"text-editor.default\">\n\t\t\t\t<div class=\"elementor-widget-container\">\n\t\t\t\t\t\t\t\t\t<p>Izvr\u0161na direktorka EPCG Solar gradnje Valerija Savelji\u0107 kazala je da nema razloga da se strepi za odr\u017eivost firme, te da \u0107e gubitak od dva miliona evra zbog nedostatka opreme u jednom dijelu biti nadokna\u0111en profitom.<\/p>\n<p>Isti\u010de da Solar gradnja nije pred kolapsom i da je profitabilna firma, te da je do problema do\u0161lo i zbog nedostatka opreme.<\/p>\n<p>\u201eVe\u0107 je zavr\u0161en projekat Solari 3000+ i 500+, instalirano je 30 MW. Tih 30 MW na tr\u017ei\u0161tu obezbje\u0111uje godi\u0161nje pet miliona eura. Dakle, samo 30 MW, taj prvi projekat koji smo zavr\u0161ili. Vijek trajanja panela je oko 25 godina, pa mo\u017eete zamisliti koliko je to isplatila investicija, 25 godina na osnovu jedne ugradnje imate svake godine pet miliona eura. Kre\u0107emo u novi projekat Solari 5000+ kojim je predvi\u0111ena ugradnja 70 MW. Zna\u010di 70 MW \u0107e da obezbje\u0111uje godi\u0161nje gotovo 12 miliona eura&#8221;, kazala je izvr\u0161na direktorka gostuju\u0107i u Jutrnjem programu RTCG.<\/p>\n<p>Naglasila je da \u0107e u aprilu bez problema biti ispla\u0107eni korisnici koji su proizveli vi\u0161ak elektri\u010dne energije i istakla da je ve\u0107 ura\u0111en proizvodno-finansijski plan za 2024. godinu.<\/p>\n<p>\u201eU ukupnoj strukturi tro\u0161kova, kod nas najve\u0107i procenat, najve\u0107e u\u010de\u0161\u0107e imaju tro\u0161kovi radne snage, oni \u010dine gotovo 85 odsto od ukupnih tro\u0161kova. Prema finansijskom planu, zasnovanom na relevantnim podacima, prihodi \u0107e biti ve\u0107i od sedam miliona eura, a tro\u0161kovi sa smanjenim brojem zaposlenih \u0107e biti oko pet miliona i 800 hiljada, tako da o\u010dekujemo profit ve\u0107i od milion evra u ovoj godini. Nagla\u0161avam, po\u0161to smo plan zasnovali na egzaktnim podacima, odstupanja mo\u017ee biti svega plus &#8211; minus pet odsto\u201c, kazala je Savelji\u0107eva.<br \/>\nObjasnila je da je gubitak od dva miliona nastao zbog nedostatka opreme. Svaki dan bez opreme, Solar gradnju ko\u0161ta 30.000 eura, a za nabavku je zadu\u017eena Elektroprivreda Crne Gore.<\/p>\n<p>\u201eTo je bio problem od avgusta do novembra i to je akumuliralo gubitak. U junu je Solar gradnja bila profitabilna\u201c, kazala je direktorka.<br \/>\nSmatra da nije bilo dovoljno opreme zbog procedure javnih nabavki i da je problem za funkconisanje Solar gradnje predstavljao i vi\u0161ak zaposlenih, zbog \u010dega je usvojen sanacioni plan koji je podrazumijevao smanjenje tog broja za 30 odsto.<\/p>\n<p>\u201eOd 550 koje smo imali 31. decembra, danas imamo oko 390 zaposlenih\u201c, kazala je.<\/p>\n<p>Govore\u0107i o dva miliona eura gubitka, naglasila je da \u0107e se to pokriti profitom.<br \/>\n\u201eMi smo sada ve\u0107 profitabilni. Imamo u najavi nove projekte. Ne vidim razlog da Solar gradnja ne bude profitabilna, obnovljivi izvori energije su budu\u0107nost\u201c, istakla je Savelji\u0107.<\/p>\n<p>Smatra da fama koja se stvara u posljednje vrijeme zbog prekomjernog zapo\u0161ljavanja i nabavke opreme stvara lo\u0161u sliku o jako dobrom projektu.<br \/>\n\u201eTo je mlada firma koja je morala da se digne na noge\u201c, kazala je izvr\u0161na direktorka.<\/p>\n<p>Istakla je da se projekat Solari 5000+ nastavlja nakon \u010detiri mjeseca i da \u0107e, ukoliko vremenske prilike dozvole, sve biti nadokna\u0111eno.<\/p>\n\t\t\t\t\t\t\t\t<\/div>\n\t\t\t\t<\/div>\n\t\t\t\t\t<\/div>\n\t\t<\/div>\n\t\t\t\t\t<\/div>\n\t\t<\/section>\n\t\t\t\t<\/div>\n\t\t","protected":false},"excerpt":{"rendered":"<p>Izvr\u0161na direktorka EPCG Solar gradnje Valerija Savelji\u0107 kazala je da nema razloga da se strepi za odr\u017eivost firme, te da \u0107e gubitak od dva miliona evra zbog nedostatka opreme u jednom dijelu biti nadokna\u0111en profitom. <\/p>\n","protected":false},"author":1,"featured_media":2935,"comment_status":"closed","ping_status":"closed","sticky":false,"template":"","format":"standard","meta":{"footnotes":""},"categories":[19],"tags":[],"class_list":["post-2940","post","type-post","status-publish","format-standard","has-post-thumbnail","hentry","category-kategorija-vijesti-lat"],"yoast_head":"<!-- This site is optimized with the Yoast SEO plugin v27.2 - https:\/\/yoast.com\/product\/yoast-seo-wordpress\/ -->\n<title>Nema razloga za strepnju za odr\u017eivost Solar gradnje | Solar gradnja<\/title>\n<meta name=\"description\" content=\"Izvr\u0161na direktorka EPCG Solar gradnje Valerija Savelji\u0107 kazala je da nema razloga da se strepi za odr\u017eivost firme, te da \u0107e gubitak od dva miliona evra zbog nedostatka opreme u jednom dijelu biti nadokna\u0111en profitom.\" \/>\n<meta name=\"robots\" content=\"index, follow, max-snippet:-1, max-image-preview:large, max-video-preview:-1\" \/>\n<link rel=\"canonical\" href=\"https:\/\/epcg-sg.com\/lat\/nema-razloga-za-strepnju-za-odrzivost-solar-gradnje\/\" \/>\n<meta property=\"og:locale\" content=\"en_US\" \/>\n<meta property=\"og:type\" content=\"article\" \/>\n<meta property=\"og:title\" content=\"Nema razloga za strepnju za odr\u017eivost Solar gradnje | Solar gradnja\" \/>\n<meta property=\"og:description\" content=\"Izvr\u0161na direktorka EPCG Solar gradnje Valerija Savelji\u0107 kazala je da nema razloga da se strepi za odr\u017eivost firme, te da \u0107e gubitak od dva miliona evra zbog nedostatka opreme u jednom dijelu biti nadokna\u0111en profitom.\" \/>\n<meta property=\"og:url\" content=\"https:\/\/epcg-sg.com\/lat\/nema-razloga-za-strepnju-za-odrzivost-solar-gradnje\/\" \/>\n<meta property=\"og:site_name\" content=\"Solar gradnja\" \/>\n<meta property=\"article:publisher\" content=\"https:\/\/www.facebook.com\/solargradnjaofficialpage\" \/>\n<meta property=\"article:published_time\" content=\"2024-01-19T07:20:29+00:00\" \/>\n<meta property=\"article:modified_time\" content=\"2024-01-22T07:25:35+00:00\" \/>\n<meta property=\"og:image\" content=\"https:\/\/epcg-sg.com\/wp-content\/uploads\/2024\/01\/vs_517x900.jpeg\" \/>\n\t<meta property=\"og:image:width\" content=\"900\" \/>\n\t<meta property=\"og:image:height\" content=\"517\" \/>\n\t<meta property=\"og:image:type\" content=\"image\/jpeg\" \/>\n<meta name=\"author\" content=\"andrija\" \/>\n<meta name=\"twitter:card\" content=\"summary_large_image\" \/>\n<meta name=\"twitter:creator\" content=\"@EpcgSolar\" \/>\n<meta name=\"twitter:site\" content=\"@EpcgSolar\" \/>\n<script type=\"application\/ld+json\" class=\"yoast-schema-graph\">{\"@context\":\"https:\/\/schema.org\",\"@graph\":[{\"@type\":\"Article\",\"@id\":\"https:\/\/epcg-sg.com\/lat\/nema-razloga-za-strepnju-za-odrzivost-solar-gradnje\/#article\",\"isPartOf\":{\"@id\":\"https:\/\/epcg-sg.com\/lat\/nema-razloga-za-strepnju-za-odrzivost-solar-gradnje\/\"},\"author\":{\"name\":\"andrija\",\"@id\":\"https:\/\/epcg-sg.com\/lat\/#\/schema\/person\/ab3ed7d89cd132bf05a984825ae8b480\"},\"headline\":\"Nema razloga za strepnju za odr\u017eivost Solar gradnje\",\"datePublished\":\"2024-01-19T07:20:29+00:00\",\"dateModified\":\"2024-01-22T07:25:35+00:00\",\"mainEntityOfPage\":{\"@id\":\"https:\/\/epcg-sg.com\/lat\/nema-razloga-za-strepnju-za-odrzivost-solar-gradnje\/\"},\"wordCount\":497,\"publisher\":{\"@id\":\"https:\/\/epcg-sg.com\/lat\/#organization\"},\"image\":{\"@id\":\"https:\/\/epcg-sg.com\/lat\/nema-razloga-za-strepnju-za-odrzivost-solar-gradnje\/#primaryimage\"},\"thumbnailUrl\":\"https:\/\/epcg-sg.com\/wp-content\/uploads\/2024\/01\/vs_517x900.jpeg\",\"articleSection\":[\"Vijesti\"],\"inLanguage\":\"lat\"},{\"@type\":\"WebPage\",\"@id\":\"https:\/\/epcg-sg.com\/lat\/nema-razloga-za-strepnju-za-odrzivost-solar-gradnje\/\",\"url\":\"https:\/\/epcg-sg.com\/lat\/nema-razloga-za-strepnju-za-odrzivost-solar-gradnje\/\",\"name\":\"Nema razloga za strepnju za odr\u017eivost Solar gradnje | Solar gradnja\",\"isPartOf\":{\"@id\":\"https:\/\/epcg-sg.com\/lat\/#website\"},\"primaryImageOfPage\":{\"@id\":\"https:\/\/epcg-sg.com\/lat\/nema-razloga-za-strepnju-za-odrzivost-solar-gradnje\/#primaryimage\"},\"image\":{\"@id\":\"https:\/\/epcg-sg.com\/lat\/nema-razloga-za-strepnju-za-odrzivost-solar-gradnje\/#primaryimage\"},\"thumbnailUrl\":\"https:\/\/epcg-sg.com\/wp-content\/uploads\/2024\/01\/vs_517x900.jpeg\",\"datePublished\":\"2024-01-19T07:20:29+00:00\",\"dateModified\":\"2024-01-22T07:25:35+00:00\",\"description\":\"Izvr\u0161na direktorka EPCG Solar gradnje Valerija Savelji\u0107 kazala je da nema razloga da se strepi za odr\u017eivost firme, te da \u0107e gubitak od dva miliona evra zbog nedostatka opreme u jednom dijelu biti nadokna\u0111en profitom.\",\"breadcrumb\":{\"@id\":\"https:\/\/epcg-sg.com\/lat\/nema-razloga-za-strepnju-za-odrzivost-solar-gradnje\/#breadcrumb\"},\"inLanguage\":\"lat\",\"potentialAction\":[{\"@type\":\"ReadAction\",\"target\":[\"https:\/\/epcg-sg.com\/lat\/nema-razloga-za-strepnju-za-odrzivost-solar-gradnje\/\"]}]},{\"@type\":\"ImageObject\",\"inLanguage\":\"lat\",\"@id\":\"https:\/\/epcg-sg.com\/lat\/nema-razloga-za-strepnju-za-odrzivost-solar-gradnje\/#primaryimage\",\"url\":\"https:\/\/epcg-sg.com\/wp-content\/uploads\/2024\/01\/vs_517x900.jpeg\",\"contentUrl\":\"https:\/\/epcg-sg.com\/wp-content\/uploads\/2024\/01\/vs_517x900.jpeg\",\"width\":900,\"height\":517},{\"@type\":\"BreadcrumbList\",\"@id\":\"https:\/\/epcg-sg.com\/lat\/nema-razloga-za-strepnju-za-odrzivost-solar-gradnje\/#breadcrumb\",\"itemListElement\":[{\"@type\":\"ListItem\",\"position\":1,\"name\":\"PO\u010cETNA\",\"item\":\"https:\/\/epcg-sg.com\/lat\/\"},{\"@type\":\"ListItem\",\"position\":2,\"name\":\"Nema razloga za strepnju za odr\u017eivost Solar gradnje\"}]},{\"@type\":\"WebSite\",\"@id\":\"https:\/\/epcg-sg.com\/lat\/#website\",\"url\":\"https:\/\/epcg-sg.com\/lat\/\",\"name\":\"\u0415\u041f\u0426\u0413 \u0421\u043e\u043b\u0430\u0440 \u0433\u0440\u0430\u0434\u045a\u0430\",\"description\":\"Elektroprivreda Crne Gore\",\"publisher\":{\"@id\":\"https:\/\/epcg-sg.com\/lat\/#organization\"},\"potentialAction\":[{\"@type\":\"SearchAction\",\"target\":{\"@type\":\"EntryPoint\",\"urlTemplate\":\"https:\/\/epcg-sg.com\/lat\/?s={search_term_string}\"},\"query-input\":{\"@type\":\"PropertyValueSpecification\",\"valueRequired\":true,\"valueName\":\"search_term_string\"}}],\"inLanguage\":\"lat\"},{\"@type\":\"Organization\",\"@id\":\"https:\/\/epcg-sg.com\/lat\/#organization\",\"name\":\"EPCG Solar gradnja\",\"url\":\"https:\/\/epcg-sg.com\/lat\/\",\"logo\":{\"@type\":\"ImageObject\",\"inLanguage\":\"lat\",\"@id\":\"https:\/\/epcg-sg.com\/lat\/#\/schema\/logo\/image\/\",\"url\":\"\",\"contentUrl\":\"\",\"caption\":\"EPCG Solar gradnja\"},\"image\":{\"@id\":\"https:\/\/epcg-sg.com\/lat\/#\/schema\/logo\/image\/\"},\"sameAs\":[\"https:\/\/www.facebook.com\/solargradnjaofficialpage\",\"https:\/\/x.com\/EpcgSolar\"]},{\"@type\":\"Person\",\"@id\":\"https:\/\/epcg-sg.com\/lat\/#\/schema\/person\/ab3ed7d89cd132bf05a984825ae8b480\",\"name\":\"andrija\",\"sameAs\":[\"https:\/\/epcg-sg.com\"]}]}<\/script>\n<!-- \/ Yoast SEO plugin. -->","yoast_head_json":{"title":"Nema razloga za strepnju za odr\u017eivost Solar gradnje | Solar gradnja","description":"Izvr\u0161na direktorka EPCG Solar gradnje Valerija Savelji\u0107 kazala je da nema razloga da se strepi za odr\u017eivost firme, te da \u0107e gubitak od dva miliona evra zbog nedostatka opreme u jednom dijelu biti nadokna\u0111en profitom.","robots":{"index":"index","follow":"follow","max-snippet":"max-snippet:-1","max-image-preview":"max-image-preview:large","max-video-preview":"max-video-preview:-1"},"canonical":"https:\/\/epcg-sg.com\/lat\/nema-razloga-za-strepnju-za-odrzivost-solar-gradnje\/","og_locale":"en_US","og_type":"article","og_title":"Nema razloga za strepnju za odr\u017eivost Solar gradnje | Solar gradnja","og_description":"Izvr\u0161na direktorka EPCG Solar gradnje Valerija Savelji\u0107 kazala je da nema razloga da se strepi za odr\u017eivost firme, te da \u0107e gubitak od dva miliona evra zbog nedostatka opreme u jednom dijelu biti nadokna\u0111en profitom.","og_url":"https:\/\/epcg-sg.com\/lat\/nema-razloga-za-strepnju-za-odrzivost-solar-gradnje\/","og_site_name":"Solar gradnja","article_publisher":"https:\/\/www.facebook.com\/solargradnjaofficialpage","article_published_time":"2024-01-19T07:20:29+00:00","article_modified_time":"2024-01-22T07:25:35+00:00","og_image":[{"width":900,"height":517,"url":"https:\/\/epcg-sg.com\/wp-content\/uploads\/2024\/01\/vs_517x900.jpeg","type":"image\/jpeg"}],"author":"andrija","twitter_card":"summary_large_image","twitter_creator":"@EpcgSolar","twitter_site":"@EpcgSolar","schema":{"@context":"https:\/\/schema.org","@graph":[{"@type":"Article","@id":"https:\/\/epcg-sg.com\/lat\/nema-razloga-za-strepnju-za-odrzivost-solar-gradnje\/#article","isPartOf":{"@id":"https:\/\/epcg-sg.com\/lat\/nema-razloga-za-strepnju-za-odrzivost-solar-gradnje\/"},"author":{"name":"andrija","@id":"https:\/\/epcg-sg.com\/lat\/#\/schema\/person\/ab3ed7d89cd132bf05a984825ae8b480"},"headline":"Nema razloga za strepnju za odr\u017eivost Solar gradnje","datePublished":"2024-01-19T07:20:29+00:00","dateModified":"2024-01-22T07:25:35+00:00","mainEntityOfPage":{"@id":"https:\/\/epcg-sg.com\/lat\/nema-razloga-za-strepnju-za-odrzivost-solar-gradnje\/"},"wordCount":497,"publisher":{"@id":"https:\/\/epcg-sg.com\/lat\/#organization"},"image":{"@id":"https:\/\/epcg-sg.com\/lat\/nema-razloga-za-strepnju-za-odrzivost-solar-gradnje\/#primaryimage"},"thumbnailUrl":"https:\/\/epcg-sg.com\/wp-content\/uploads\/2024\/01\/vs_517x900.jpeg","articleSection":["Vijesti"],"inLanguage":"lat"},{"@type":"WebPage","@id":"https:\/\/epcg-sg.com\/lat\/nema-razloga-za-strepnju-za-odrzivost-solar-gradnje\/","url":"https:\/\/epcg-sg.com\/lat\/nema-razloga-za-strepnju-za-odrzivost-solar-gradnje\/","name":"Nema razloga za strepnju za odr\u017eivost Solar gradnje | Solar gradnja","isPartOf":{"@id":"https:\/\/epcg-sg.com\/lat\/#website"},"primaryImageOfPage":{"@id":"https:\/\/epcg-sg.com\/lat\/nema-razloga-za-strepnju-za-odrzivost-solar-gradnje\/#primaryimage"},"image":{"@id":"https:\/\/epcg-sg.com\/lat\/nema-razloga-za-strepnju-za-odrzivost-solar-gradnje\/#primaryimage"},"thumbnailUrl":"https:\/\/epcg-sg.com\/wp-content\/uploads\/2024\/01\/vs_517x900.jpeg","datePublished":"2024-01-19T07:20:29+00:00","dateModified":"2024-01-22T07:25:35+00:00","description":"Izvr\u0161na direktorka EPCG Solar gradnje Valerija Savelji\u0107 kazala je da nema razloga da se strepi za odr\u017eivost firme, te da \u0107e gubitak od dva miliona evra zbog nedostatka opreme u jednom dijelu biti nadokna\u0111en profitom.","breadcrumb":{"@id":"https:\/\/epcg-sg.com\/lat\/nema-razloga-za-strepnju-za-odrzivost-solar-gradnje\/#breadcrumb"},"inLanguage":"lat","potentialAction":[{"@type":"ReadAction","target":["https:\/\/epcg-sg.com\/lat\/nema-razloga-za-strepnju-za-odrzivost-solar-gradnje\/"]}]},{"@type":"ImageObject","inLanguage":"lat","@id":"https:\/\/epcg-sg.com\/lat\/nema-razloga-za-strepnju-za-odrzivost-solar-gradnje\/#primaryimage","url":"https:\/\/epcg-sg.com\/wp-content\/uploads\/2024\/01\/vs_517x900.jpeg","contentUrl":"https:\/\/epcg-sg.com\/wp-content\/uploads\/2024\/01\/vs_517x900.jpeg","width":900,"height":517},{"@type":"BreadcrumbList","@id":"https:\/\/epcg-sg.com\/lat\/nema-razloga-za-strepnju-za-odrzivost-solar-gradnje\/#breadcrumb","itemListElement":[{"@type":"ListItem","position":1,"name":"PO\u010cETNA","item":"https:\/\/epcg-sg.com\/lat\/"},{"@type":"ListItem","position":2,"name":"Nema razloga za strepnju za odr\u017eivost Solar gradnje"}]},{"@type":"WebSite","@id":"https:\/\/epcg-sg.com\/lat\/#website","url":"https:\/\/epcg-sg.com\/lat\/","name":"\u0415\u041f\u0426\u0413 \u0421\u043e\u043b\u0430\u0440 \u0433\u0440\u0430\u0434\u045a\u0430","description":"Elektroprivreda Crne Gore","publisher":{"@id":"https:\/\/epcg-sg.com\/lat\/#organization"},"potentialAction":[{"@type":"SearchAction","target":{"@type":"EntryPoint","urlTemplate":"https:\/\/epcg-sg.com\/lat\/?s={search_term_string}"},"query-input":{"@type":"PropertyValueSpecification","valueRequired":true,"valueName":"search_term_string"}}],"inLanguage":"lat"},{"@type":"Organization","@id":"https:\/\/epcg-sg.com\/lat\/#organization","name":"EPCG Solar gradnja","url":"https:\/\/epcg-sg.com\/lat\/","logo":{"@type":"ImageObject","inLanguage":"lat","@id":"https:\/\/epcg-sg.com\/lat\/#\/schema\/logo\/image\/","url":"","contentUrl":"","caption":"EPCG Solar gradnja"},"image":{"@id":"https:\/\/epcg-sg.com\/lat\/#\/schema\/logo\/image\/"},"sameAs":["https:\/\/www.facebook.com\/solargradnjaofficialpage","https:\/\/x.com\/EpcgSolar"]},{"@type":"Person","@id":"https:\/\/epcg-sg.com\/lat\/#\/schema\/person\/ab3ed7d89cd132bf05a984825ae8b480","name":"andrija","sameAs":["https:\/\/epcg-sg.com"]}]}},"_links":{"self":[{"href":"https:\/\/epcg-sg.com\/lat\/wp-json\/wp\/v2\/posts\/2940","targetHints":{"allow":["GET"]}}],"collection":[{"href":"https:\/\/epcg-sg.com\/lat\/wp-json\/wp\/v2\/posts"}],"about":[{"href":"https:\/\/epcg-sg.com\/lat\/wp-json\/wp\/v2\/types\/post"}],"author":[{"embeddable":true,"href":"https:\/\/epcg-sg.com\/lat\/wp-json\/wp\/v2\/users\/1"}],"replies":[{"embeddable":true,"href":"https:\/\/epcg-sg.com\/lat\/wp-json\/wp\/v2\/comments?post=2940"}],"version-history":[{"count":2,"href":"https:\/\/epcg-sg.com\/lat\/wp-json\/wp\/v2\/posts\/2940\/revisions"}],"predecessor-version":[{"id":2945,"href":"https:\/\/epcg-sg.com\/lat\/wp-json\/wp\/v2\/posts\/2940\/revisions\/2945"}],"wp:featuredmedia":[{"embeddable":true,"href":"https:\/\/epcg-sg.com\/lat\/wp-json\/wp\/v2\/media\/2935"}],"wp:attachment":[{"href":"https:\/\/epcg-sg.com\/lat\/wp-json\/wp\/v2\/media?parent=2940"}],"wp:term":[{"taxonomy":"category","embeddable":true,"href":"https:\/\/epcg-sg.com\/lat\/wp-json\/wp\/v2\/categories?post=2940"},{"taxonomy":"post_tag","embeddable":true,"href":"https:\/\/epcg-sg.com\/lat\/wp-json\/wp\/v2\/tags?post=2940"}],"curies":[{"name":"wp","href":"https:\/\/api.w.org\/{rel}","templated":true}]}}