{"id":2745,"date":"2023-09-22T15:10:00","date_gmt":"2023-09-22T13:10:00","guid":{"rendered":"https:\/\/epcg-sg.com\/valerija-saveljic-imenovana-za-izvrsnu-direktorku-epcg-solar-gradnje\/"},"modified":"2024-02-12T09:34:43","modified_gmt":"2024-02-12T07:34:43","slug":"valerija-saveljic-imenovana-za-izvrsnu-direktorku-epcg-solar-gradnje","status":"publish","type":"post","link":"https:\/\/epcg-sg.com\/lat\/valerija-saveljic-imenovana-za-izvrsnu-direktorku-epcg-solar-gradnje\/","title":{"rendered":"Valerija Savelji\u0107 imenovana za izvr\u0161nu direktorku EPCG-Solar gradnje"},"content":{"rendered":"\t\t<div data-elementor-type=\"wp-post\" data-elementor-id=\"2745\" class=\"elementor elementor-2745 elementor-2731\" data-elementor-post-type=\"post\">\n\t\t\t\t\t\t<section class=\"elementor-section elementor-top-section elementor-element elementor-element-de2197b elementor-section-boxed elementor-section-height-default elementor-section-height-default\" data-id=\"de2197b\" data-element_type=\"section\" data-e-type=\"section\" data-settings=\"{&quot;jet_parallax_layout_list&quot;:[]}\">\n\t\t\t\t\t\t<div class=\"elementor-container elementor-column-gap-default\">\n\t\t\t\t\t<div class=\"elementor-column elementor-col-100 elementor-top-column elementor-element elementor-element-f094763\" data-id=\"f094763\" data-element_type=\"column\" data-e-type=\"column\">\n\t\t\t<div class=\"elementor-widget-wrap elementor-element-populated\">\n\t\t\t\t\t\t<div class=\"elementor-element elementor-element-b3942a6 elementor-widget elementor-widget-text-editor\" data-id=\"b3942a6\" data-element_type=\"widget\" data-e-type=\"widget\" data-widget_type=\"text-editor.default\">\n\t\t\t\t<div class=\"elementor-widget-container\">\n\t\t\t\t\t\t\t\t\t<p>Za novu izvr\u0161nu direktorku EPCG-Solar gradnje imenovana je Valerija Savelji\u0107, koju su \u010dlanovi Odbora direktora ESG na \u010detvrtoj redovnoj sjednici jednoglasno izabrali kao prvorangiranu kandidatkinju. Za tu poziciju preporu\u010dili su je ,najbolji ponu\u0111eni program razvoja privrednog dru\u0161tva, kao i zna\u010dajno prethodno iskustvo u rukovo\u0111enju u privrednom sektoru.<\/p>\n<p>Na sjednici Odbora je konstatovano da se od nove izvr\u0161ne direktorice o\u010dekuje razvoj poslovanja, jer upravo sektor energetike bilje\u017ei najve\u0107u stopu rasta. Novo rukovodstvo EPC-Solar gradnje bi\u0107e posve\u0107eno uspje\u0161nom sprovo\u0111enju politika razvoja Elektroprivrede i dodatnom pobolj\u0161anju uslova rada zaposlenih.<\/p>\n<p>Valerija Savelji\u0107 \u0107e na poziciji izvr\u0161nog direktora zamijeniti Ranka Vuksanovi\u0107a, koji je nedavno, prije isteka \u010detvorogodi\u0161njeg mandata, podnio ostavku zbog prelaska na drugo rukovode\u0107e radno mjesto i vra\u0107a se u mati\u010dnu kompaniju &#8211; Crnogorski elektrodistributivni sistem.<\/p>\n\t\t\t\t\t\t\t\t<\/div>\n\t\t\t\t<\/div>\n\t\t\t\t\t<\/div>\n\t\t<\/div>\n\t\t\t\t\t<\/div>\n\t\t<\/section>\n\t\t\t\t<section class=\"elementor-section elementor-top-section elementor-element elementor-element-acd26c1 elementor-section-boxed elementor-section-height-default elementor-section-height-default\" data-id=\"acd26c1\" data-element_type=\"section\" data-e-type=\"section\" data-settings=\"{&quot;jet_parallax_layout_list&quot;:[]}\">\n\t\t\t\t\t\t<div class=\"elementor-container elementor-column-gap-default\">\n\t\t\t\t\t<div class=\"elementor-column elementor-col-100 elementor-top-column elementor-element elementor-element-c50d7a2\" data-id=\"c50d7a2\" data-element_type=\"column\" data-e-type=\"column\" data-settings=\"{&quot;background_background&quot;:&quot;classic&quot;}\">\n\t\t\t<div class=\"elementor-widget-wrap elementor-element-populated\">\n\t\t\t\t\t\t<div class=\"elementor-element elementor-element-8e37a78 elementor-widget elementor-widget-heading\" data-id=\"8e37a78\" data-element_type=\"widget\" data-e-type=\"widget\" data-widget_type=\"heading.default\">\n\t\t\t\t<div class=\"elementor-widget-container\">\n\t\t\t\t\t<h2 class=\"elementor-heading-title elementor-size-default\">Biografija<\/h2>\t\t\t\t<\/div>\n\t\t\t\t<\/div>\n\t\t\t\t<div class=\"elementor-element elementor-element-a9a1adc elementor-widget elementor-widget-text-editor\" data-id=\"a9a1adc\" data-element_type=\"widget\" data-e-type=\"widget\" data-widget_type=\"text-editor.default\">\n\t\t\t\t<div class=\"elementor-widget-container\">\n\t\t\t\t\t\t\t\t\t<p>Valerija Savelji\u0107 ro\u0111ena je 1969. godine u Pljevljima. Diplomirala je 1995. godine na Ekonomskom fakultetu u Podgorici.<\/p>\n<p>Radnu karijeru zapo\u010dela je u kompaniji \u201e13. jul \u2013 Planta\u017ee\u05f4 AD Podgorica, gdje je obavljaljala niz funkcija u struci. U periodu od 2008-2015. godine obavljala je funkciju finansijske direktorice gdje je koordinirala finansijske poslove, pratila i obezbje\u0111ivala primjenu zakonitosti u finansijskom poslovanju i finansijskoj politici, aktivno sara\u0111ivala sa me\u0111unarodnim institucijama na planu mogu\u0107nosti investicionih ulaganja.<\/p>\n<p>Profesionalno se usavr\u0161avala kroz poha\u0111anje raznih programa organozovanih od strane renomiranih doma\u0107ih i regionalnih institucija na temu poslovnih finansija i kontrolinga, savremenog finansijskog menad\u017ementa, instrumenata pla\u0107anja u me\u0111unarodnom prometu finansijska analize u funkciji ocjene boniteta, profesionalna edukacija menad\u017ementa iz finansija biznis plana i prakse i dr.<\/p>\n<p>Prije imenovanja za izvr\u0161nu direktorku EPCG-Solar gradnje, pokrivala je poziciju direktorke dr\u017eavne firme \u201cProject &#8211; Consulting\u201d &#8211; nacionalna jedinica za implementaciju projekata iz oblasti komunalnih djelatnosti i za\u0161tite \u017eivotne sredine.<\/p>\n\t\t\t\t\t\t\t\t<\/div>\n\t\t\t\t<\/div>\n\t\t\t\t\t<\/div>\n\t\t<\/div>\n\t\t\t\t\t<\/div>\n\t\t<\/section>\n\t\t\t\t<\/div>\n\t\t","protected":false},"excerpt":{"rendered":"<p>Za novu izvr\u0161nu direktorku EPCG-Solar gradnje imenovana je Valerija Savelji\u0107, koju su \u010dlanovi Odbora direktora ESG na \u010detvrtoj redovnoj sjednici jednoglasno izabrali kao prvorangiranu kandidatkinju. Za tu poziciju preporu\u010dili su je ,najbolji ponu\u0111eni program razvoja privrednog dru\u0161tva, kao i zna\u010dajno prethodno iskustvo u rukovo\u0111enju u privrednom sektoru. Na sjednici Odbora je konstatovano da se od [&hellip;]<\/p>\n","protected":false},"author":1,"featured_media":2733,"comment_status":"closed","ping_status":"closed","sticky":false,"template":"","format":"standard","meta":{"footnotes":""},"categories":[19],"tags":[],"class_list":["post-2745","post","type-post","status-publish","format-standard","has-post-thumbnail","hentry","category-kategorija-vijesti-lat"],"yoast_head":"<!-- This site is optimized with the Yoast SEO plugin v27.2 - https:\/\/yoast.com\/product\/yoast-seo-wordpress\/ -->\n<title>Valerija Savelji\u0107 imenovana za izvr\u0161nu direktorku EPCG-Solar gradnje | Solar gradnja<\/title>\n<meta name=\"description\" content=\"Za novu izvr\u0161nu direktorku EPCG-Solar gradnje imenovana je Valerija Savelji\u0107, koju su \u010dlanovi Odbora direktora ESG na \u010detvrtoj redovnoj sjednici jednoglasno izabrali kao prvorangiranu kandidatkinju.\" \/>\n<meta name=\"robots\" content=\"index, follow, max-snippet:-1, max-image-preview:large, max-video-preview:-1\" \/>\n<link rel=\"canonical\" href=\"https:\/\/epcg-sg.com\/lat\/valerija-saveljic-imenovana-za-izvrsnu-direktorku-epcg-solar-gradnje\/\" \/>\n<meta property=\"og:locale\" content=\"en_US\" \/>\n<meta property=\"og:type\" content=\"article\" \/>\n<meta property=\"og:title\" content=\"Valerija Savelji\u0107 imenovana za izvr\u0161nu direktorku EPCG-Solar gradnje | Solar gradnja\" \/>\n<meta property=\"og:description\" content=\"Za novu izvr\u0161nu direktorku EPCG-Solar gradnje imenovana je Valerija Savelji\u0107, koju su \u010dlanovi Odbora direktora ESG na \u010detvrtoj redovnoj sjednici jednoglasno izabrali kao prvorangiranu kandidatkinju.\" \/>\n<meta property=\"og:url\" content=\"https:\/\/epcg-sg.com\/lat\/valerija-saveljic-imenovana-za-izvrsnu-direktorku-epcg-solar-gradnje\/\" \/>\n<meta property=\"og:site_name\" content=\"Solar gradnja\" \/>\n<meta property=\"article:publisher\" content=\"https:\/\/www.facebook.com\/solargradnjaofficialpage\" \/>\n<meta property=\"article:published_time\" content=\"2023-09-22T13:10:00+00:00\" \/>\n<meta property=\"article:modified_time\" content=\"2024-02-12T07:34:43+00:00\" \/>\n<meta property=\"og:image\" content=\"https:\/\/epcg-sg.com\/wp-content\/uploads\/2023\/09\/valerija-saveljic.jpg\" \/>\n\t<meta property=\"og:image:width\" content=\"1320\" \/>\n\t<meta property=\"og:image:height\" content=\"733\" \/>\n\t<meta property=\"og:image:type\" content=\"image\/jpeg\" \/>\n<meta name=\"author\" content=\"andrija\" \/>\n<meta name=\"twitter:card\" content=\"summary_large_image\" \/>\n<meta name=\"twitter:creator\" content=\"@EpcgSolar\" \/>\n<meta name=\"twitter:site\" content=\"@EpcgSolar\" \/>\n<script type=\"application\/ld+json\" class=\"yoast-schema-graph\">{\"@context\":\"https:\/\/schema.org\",\"@graph\":[{\"@type\":\"Article\",\"@id\":\"https:\/\/epcg-sg.com\/lat\/valerija-saveljic-imenovana-za-izvrsnu-direktorku-epcg-solar-gradnje\/#article\",\"isPartOf\":{\"@id\":\"https:\/\/epcg-sg.com\/lat\/valerija-saveljic-imenovana-za-izvrsnu-direktorku-epcg-solar-gradnje\/\"},\"author\":{\"name\":\"andrija\",\"@id\":\"https:\/\/epcg-sg.com\/lat\/#\/schema\/person\/ab3ed7d89cd132bf05a984825ae8b480\"},\"headline\":\"Valerija Savelji\u0107 imenovana za izvr\u0161nu direktorku EPCG-Solar gradnje\",\"datePublished\":\"2023-09-22T13:10:00+00:00\",\"dateModified\":\"2024-02-12T07:34:43+00:00\",\"mainEntityOfPage\":{\"@id\":\"https:\/\/epcg-sg.com\/lat\/valerija-saveljic-imenovana-za-izvrsnu-direktorku-epcg-solar-gradnje\/\"},\"wordCount\":314,\"publisher\":{\"@id\":\"https:\/\/epcg-sg.com\/lat\/#organization\"},\"image\":{\"@id\":\"https:\/\/epcg-sg.com\/lat\/valerija-saveljic-imenovana-za-izvrsnu-direktorku-epcg-solar-gradnje\/#primaryimage\"},\"thumbnailUrl\":\"https:\/\/epcg-sg.com\/wp-content\/uploads\/2023\/09\/valerija-saveljic.jpg\",\"articleSection\":[\"Vijesti\"],\"inLanguage\":\"lat\"},{\"@type\":\"WebPage\",\"@id\":\"https:\/\/epcg-sg.com\/lat\/valerija-saveljic-imenovana-za-izvrsnu-direktorku-epcg-solar-gradnje\/\",\"url\":\"https:\/\/epcg-sg.com\/lat\/valerija-saveljic-imenovana-za-izvrsnu-direktorku-epcg-solar-gradnje\/\",\"name\":\"Valerija Savelji\u0107 imenovana za izvr\u0161nu direktorku EPCG-Solar gradnje | Solar gradnja\",\"isPartOf\":{\"@id\":\"https:\/\/epcg-sg.com\/lat\/#website\"},\"primaryImageOfPage\":{\"@id\":\"https:\/\/epcg-sg.com\/lat\/valerija-saveljic-imenovana-za-izvrsnu-direktorku-epcg-solar-gradnje\/#primaryimage\"},\"image\":{\"@id\":\"https:\/\/epcg-sg.com\/lat\/valerija-saveljic-imenovana-za-izvrsnu-direktorku-epcg-solar-gradnje\/#primaryimage\"},\"thumbnailUrl\":\"https:\/\/epcg-sg.com\/wp-content\/uploads\/2023\/09\/valerija-saveljic.jpg\",\"datePublished\":\"2023-09-22T13:10:00+00:00\",\"dateModified\":\"2024-02-12T07:34:43+00:00\",\"description\":\"Za novu izvr\u0161nu direktorku EPCG-Solar gradnje imenovana je Valerija Savelji\u0107, koju su \u010dlanovi Odbora direktora ESG na \u010detvrtoj redovnoj sjednici jednoglasno izabrali kao prvorangiranu kandidatkinju.\",\"breadcrumb\":{\"@id\":\"https:\/\/epcg-sg.com\/lat\/valerija-saveljic-imenovana-za-izvrsnu-direktorku-epcg-solar-gradnje\/#breadcrumb\"},\"inLanguage\":\"lat\",\"potentialAction\":[{\"@type\":\"ReadAction\",\"target\":[\"https:\/\/epcg-sg.com\/lat\/valerija-saveljic-imenovana-za-izvrsnu-direktorku-epcg-solar-gradnje\/\"]}]},{\"@type\":\"ImageObject\",\"inLanguage\":\"lat\",\"@id\":\"https:\/\/epcg-sg.com\/lat\/valerija-saveljic-imenovana-za-izvrsnu-direktorku-epcg-solar-gradnje\/#primaryimage\",\"url\":\"https:\/\/epcg-sg.com\/wp-content\/uploads\/2023\/09\/valerija-saveljic.jpg\",\"contentUrl\":\"https:\/\/epcg-sg.com\/wp-content\/uploads\/2023\/09\/valerija-saveljic.jpg\",\"width\":1320,\"height\":733},{\"@type\":\"BreadcrumbList\",\"@id\":\"https:\/\/epcg-sg.com\/lat\/valerija-saveljic-imenovana-za-izvrsnu-direktorku-epcg-solar-gradnje\/#breadcrumb\",\"itemListElement\":[{\"@type\":\"ListItem\",\"position\":1,\"name\":\"PO\u010cETNA\",\"item\":\"https:\/\/epcg-sg.com\/lat\/\"},{\"@type\":\"ListItem\",\"position\":2,\"name\":\"Valerija Savelji\u0107 imenovana za izvr\u0161nu direktorku EPCG-Solar gradnje\"}]},{\"@type\":\"WebSite\",\"@id\":\"https:\/\/epcg-sg.com\/lat\/#website\",\"url\":\"https:\/\/epcg-sg.com\/lat\/\",\"name\":\"\u0415\u041f\u0426\u0413 \u0421\u043e\u043b\u0430\u0440 \u0433\u0440\u0430\u0434\u045a\u0430\",\"description\":\"Elektroprivreda Crne Gore\",\"publisher\":{\"@id\":\"https:\/\/epcg-sg.com\/lat\/#organization\"},\"potentialAction\":[{\"@type\":\"SearchAction\",\"target\":{\"@type\":\"EntryPoint\",\"urlTemplate\":\"https:\/\/epcg-sg.com\/lat\/?s={search_term_string}\"},\"query-input\":{\"@type\":\"PropertyValueSpecification\",\"valueRequired\":true,\"valueName\":\"search_term_string\"}}],\"inLanguage\":\"lat\"},{\"@type\":\"Organization\",\"@id\":\"https:\/\/epcg-sg.com\/lat\/#organization\",\"name\":\"EPCG Solar gradnja\",\"url\":\"https:\/\/epcg-sg.com\/lat\/\",\"logo\":{\"@type\":\"ImageObject\",\"inLanguage\":\"lat\",\"@id\":\"https:\/\/epcg-sg.com\/lat\/#\/schema\/logo\/image\/\",\"url\":\"\",\"contentUrl\":\"\",\"caption\":\"EPCG Solar gradnja\"},\"image\":{\"@id\":\"https:\/\/epcg-sg.com\/lat\/#\/schema\/logo\/image\/\"},\"sameAs\":[\"https:\/\/www.facebook.com\/solargradnjaofficialpage\",\"https:\/\/x.com\/EpcgSolar\"]},{\"@type\":\"Person\",\"@id\":\"https:\/\/epcg-sg.com\/lat\/#\/schema\/person\/ab3ed7d89cd132bf05a984825ae8b480\",\"name\":\"andrija\",\"sameAs\":[\"https:\/\/epcg-sg.com\"]}]}<\/script>\n<!-- \/ Yoast SEO plugin. -->","yoast_head_json":{"title":"Valerija Savelji\u0107 imenovana za izvr\u0161nu direktorku EPCG-Solar gradnje | Solar gradnja","description":"Za novu izvr\u0161nu direktorku EPCG-Solar gradnje imenovana je Valerija Savelji\u0107, koju su \u010dlanovi Odbora direktora ESG na \u010detvrtoj redovnoj sjednici jednoglasno izabrali kao prvorangiranu kandidatkinju.","robots":{"index":"index","follow":"follow","max-snippet":"max-snippet:-1","max-image-preview":"max-image-preview:large","max-video-preview":"max-video-preview:-1"},"canonical":"https:\/\/epcg-sg.com\/lat\/valerija-saveljic-imenovana-za-izvrsnu-direktorku-epcg-solar-gradnje\/","og_locale":"en_US","og_type":"article","og_title":"Valerija Savelji\u0107 imenovana za izvr\u0161nu direktorku EPCG-Solar gradnje | Solar gradnja","og_description":"Za novu izvr\u0161nu direktorku EPCG-Solar gradnje imenovana je Valerija Savelji\u0107, koju su \u010dlanovi Odbora direktora ESG na \u010detvrtoj redovnoj sjednici jednoglasno izabrali kao prvorangiranu kandidatkinju.","og_url":"https:\/\/epcg-sg.com\/lat\/valerija-saveljic-imenovana-za-izvrsnu-direktorku-epcg-solar-gradnje\/","og_site_name":"Solar gradnja","article_publisher":"https:\/\/www.facebook.com\/solargradnjaofficialpage","article_published_time":"2023-09-22T13:10:00+00:00","article_modified_time":"2024-02-12T07:34:43+00:00","og_image":[{"width":1320,"height":733,"url":"https:\/\/epcg-sg.com\/wp-content\/uploads\/2023\/09\/valerija-saveljic.jpg","type":"image\/jpeg"}],"author":"andrija","twitter_card":"summary_large_image","twitter_creator":"@EpcgSolar","twitter_site":"@EpcgSolar","schema":{"@context":"https:\/\/schema.org","@graph":[{"@type":"Article","@id":"https:\/\/epcg-sg.com\/lat\/valerija-saveljic-imenovana-za-izvrsnu-direktorku-epcg-solar-gradnje\/#article","isPartOf":{"@id":"https:\/\/epcg-sg.com\/lat\/valerija-saveljic-imenovana-za-izvrsnu-direktorku-epcg-solar-gradnje\/"},"author":{"name":"andrija","@id":"https:\/\/epcg-sg.com\/lat\/#\/schema\/person\/ab3ed7d89cd132bf05a984825ae8b480"},"headline":"Valerija Savelji\u0107 imenovana za izvr\u0161nu direktorku EPCG-Solar gradnje","datePublished":"2023-09-22T13:10:00+00:00","dateModified":"2024-02-12T07:34:43+00:00","mainEntityOfPage":{"@id":"https:\/\/epcg-sg.com\/lat\/valerija-saveljic-imenovana-za-izvrsnu-direktorku-epcg-solar-gradnje\/"},"wordCount":314,"publisher":{"@id":"https:\/\/epcg-sg.com\/lat\/#organization"},"image":{"@id":"https:\/\/epcg-sg.com\/lat\/valerija-saveljic-imenovana-za-izvrsnu-direktorku-epcg-solar-gradnje\/#primaryimage"},"thumbnailUrl":"https:\/\/epcg-sg.com\/wp-content\/uploads\/2023\/09\/valerija-saveljic.jpg","articleSection":["Vijesti"],"inLanguage":"lat"},{"@type":"WebPage","@id":"https:\/\/epcg-sg.com\/lat\/valerija-saveljic-imenovana-za-izvrsnu-direktorku-epcg-solar-gradnje\/","url":"https:\/\/epcg-sg.com\/lat\/valerija-saveljic-imenovana-za-izvrsnu-direktorku-epcg-solar-gradnje\/","name":"Valerija Savelji\u0107 imenovana za izvr\u0161nu direktorku EPCG-Solar gradnje | Solar gradnja","isPartOf":{"@id":"https:\/\/epcg-sg.com\/lat\/#website"},"primaryImageOfPage":{"@id":"https:\/\/epcg-sg.com\/lat\/valerija-saveljic-imenovana-za-izvrsnu-direktorku-epcg-solar-gradnje\/#primaryimage"},"image":{"@id":"https:\/\/epcg-sg.com\/lat\/valerija-saveljic-imenovana-za-izvrsnu-direktorku-epcg-solar-gradnje\/#primaryimage"},"thumbnailUrl":"https:\/\/epcg-sg.com\/wp-content\/uploads\/2023\/09\/valerija-saveljic.jpg","datePublished":"2023-09-22T13:10:00+00:00","dateModified":"2024-02-12T07:34:43+00:00","description":"Za novu izvr\u0161nu direktorku EPCG-Solar gradnje imenovana je Valerija Savelji\u0107, koju su \u010dlanovi Odbora direktora ESG na \u010detvrtoj redovnoj sjednici jednoglasno izabrali kao prvorangiranu kandidatkinju.","breadcrumb":{"@id":"https:\/\/epcg-sg.com\/lat\/valerija-saveljic-imenovana-za-izvrsnu-direktorku-epcg-solar-gradnje\/#breadcrumb"},"inLanguage":"lat","potentialAction":[{"@type":"ReadAction","target":["https:\/\/epcg-sg.com\/lat\/valerija-saveljic-imenovana-za-izvrsnu-direktorku-epcg-solar-gradnje\/"]}]},{"@type":"ImageObject","inLanguage":"lat","@id":"https:\/\/epcg-sg.com\/lat\/valerija-saveljic-imenovana-za-izvrsnu-direktorku-epcg-solar-gradnje\/#primaryimage","url":"https:\/\/epcg-sg.com\/wp-content\/uploads\/2023\/09\/valerija-saveljic.jpg","contentUrl":"https:\/\/epcg-sg.com\/wp-content\/uploads\/2023\/09\/valerija-saveljic.jpg","width":1320,"height":733},{"@type":"BreadcrumbList","@id":"https:\/\/epcg-sg.com\/lat\/valerija-saveljic-imenovana-za-izvrsnu-direktorku-epcg-solar-gradnje\/#breadcrumb","itemListElement":[{"@type":"ListItem","position":1,"name":"PO\u010cETNA","item":"https:\/\/epcg-sg.com\/lat\/"},{"@type":"ListItem","position":2,"name":"Valerija Savelji\u0107 imenovana za izvr\u0161nu direktorku EPCG-Solar gradnje"}]},{"@type":"WebSite","@id":"https:\/\/epcg-sg.com\/lat\/#website","url":"https:\/\/epcg-sg.com\/lat\/","name":"\u0415\u041f\u0426\u0413 \u0421\u043e\u043b\u0430\u0440 \u0433\u0440\u0430\u0434\u045a\u0430","description":"Elektroprivreda Crne Gore","publisher":{"@id":"https:\/\/epcg-sg.com\/lat\/#organization"},"potentialAction":[{"@type":"SearchAction","target":{"@type":"EntryPoint","urlTemplate":"https:\/\/epcg-sg.com\/lat\/?s={search_term_string}"},"query-input":{"@type":"PropertyValueSpecification","valueRequired":true,"valueName":"search_term_string"}}],"inLanguage":"lat"},{"@type":"Organization","@id":"https:\/\/epcg-sg.com\/lat\/#organization","name":"EPCG Solar gradnja","url":"https:\/\/epcg-sg.com\/lat\/","logo":{"@type":"ImageObject","inLanguage":"lat","@id":"https:\/\/epcg-sg.com\/lat\/#\/schema\/logo\/image\/","url":"","contentUrl":"","caption":"EPCG Solar gradnja"},"image":{"@id":"https:\/\/epcg-sg.com\/lat\/#\/schema\/logo\/image\/"},"sameAs":["https:\/\/www.facebook.com\/solargradnjaofficialpage","https:\/\/x.com\/EpcgSolar"]},{"@type":"Person","@id":"https:\/\/epcg-sg.com\/lat\/#\/schema\/person\/ab3ed7d89cd132bf05a984825ae8b480","name":"andrija","sameAs":["https:\/\/epcg-sg.com"]}]}},"_links":{"self":[{"href":"https:\/\/epcg-sg.com\/lat\/wp-json\/wp\/v2\/posts\/2745","targetHints":{"allow":["GET"]}}],"collection":[{"href":"https:\/\/epcg-sg.com\/lat\/wp-json\/wp\/v2\/posts"}],"about":[{"href":"https:\/\/epcg-sg.com\/lat\/wp-json\/wp\/v2\/types\/post"}],"author":[{"embeddable":true,"href":"https:\/\/epcg-sg.com\/lat\/wp-json\/wp\/v2\/users\/1"}],"replies":[{"embeddable":true,"href":"https:\/\/epcg-sg.com\/lat\/wp-json\/wp\/v2\/comments?post=2745"}],"version-history":[{"count":2,"href":"https:\/\/epcg-sg.com\/lat\/wp-json\/wp\/v2\/posts\/2745\/revisions"}],"predecessor-version":[{"id":3039,"href":"https:\/\/epcg-sg.com\/lat\/wp-json\/wp\/v2\/posts\/2745\/revisions\/3039"}],"wp:featuredmedia":[{"embeddable":true,"href":"https:\/\/epcg-sg.com\/lat\/wp-json\/wp\/v2\/media\/2733"}],"wp:attachment":[{"href":"https:\/\/epcg-sg.com\/lat\/wp-json\/wp\/v2\/media?parent=2745"}],"wp:term":[{"taxonomy":"category","embeddable":true,"href":"https:\/\/epcg-sg.com\/lat\/wp-json\/wp\/v2\/categories?post=2745"},{"taxonomy":"post_tag","embeddable":true,"href":"https:\/\/epcg-sg.com\/lat\/wp-json\/wp\/v2\/tags?post=2745"}],"curies":[{"name":"wp","href":"https:\/\/api.w.org\/{rel}","templated":true}]}}