{"id":2579,"date":"2023-08-11T16:30:14","date_gmt":"2023-08-11T14:30:14","guid":{"rendered":"https:\/\/epcg-sg.com\/ugradeni-solarni-paneli-i-na-krovovima-uiks-a\/"},"modified":"2024-02-12T09:35:06","modified_gmt":"2024-02-12T07:35:06","slug":"ugradeni-solarni-paneli-i-na-krovovima-uiks-a","status":"publish","type":"post","link":"https:\/\/epcg-sg.com\/lat\/ugradeni-solarni-paneli-i-na-krovovima-uiks-a\/","title":{"rendered":"Ugra\u0111eni solarni paneli i na krovovima UIKS-a"},"content":{"rendered":"\t\t<div data-elementor-type=\"wp-post\" data-elementor-id=\"2579\" class=\"elementor elementor-2579 elementor-2572\" data-elementor-post-type=\"post\">\n\t\t\t\t\t\t<section class=\"elementor-section elementor-top-section elementor-element elementor-element-708ce86 elementor-section-boxed elementor-section-height-default elementor-section-height-default\" data-id=\"708ce86\" data-element_type=\"section\" data-e-type=\"section\" data-settings=\"{&quot;jet_parallax_layout_list&quot;:[]}\">\n\t\t\t\t\t\t<div class=\"elementor-container elementor-column-gap-default\">\n\t\t\t\t\t<div class=\"elementor-column elementor-col-100 elementor-top-column elementor-element elementor-element-e88d88f\" data-id=\"e88d88f\" data-element_type=\"column\" data-e-type=\"column\">\n\t\t\t<div class=\"elementor-widget-wrap\">\n\t\t\t\t\t\t\t<\/div>\n\t\t<\/div>\n\t\t\t\t\t<\/div>\n\t\t<\/section>\n\t\t\t\t<section class=\"elementor-section elementor-top-section elementor-element elementor-element-de2197b elementor-section-boxed elementor-section-height-default elementor-section-height-default\" data-id=\"de2197b\" data-element_type=\"section\" data-e-type=\"section\" data-settings=\"{&quot;jet_parallax_layout_list&quot;:[]}\">\n\t\t\t\t\t\t<div class=\"elementor-container elementor-column-gap-default\">\n\t\t\t\t\t<div class=\"elementor-column elementor-col-100 elementor-top-column elementor-element elementor-element-f094763\" data-id=\"f094763\" data-element_type=\"column\" data-e-type=\"column\">\n\t\t\t<div class=\"elementor-widget-wrap elementor-element-populated\">\n\t\t\t\t\t\t<div class=\"elementor-element elementor-element-b3942a6 elementor-widget elementor-widget-text-editor\" data-id=\"b3942a6\" data-element_type=\"widget\" data-e-type=\"widget\" data-widget_type=\"text-editor.default\">\n\t\t\t\t<div class=\"elementor-widget-container\">\n\t\t\t\t\t\t\t\t\t<p>&#8220;UIKS je jo\u0161 jedan u nizu korisnika &#8211; pored velikog broja doma\u0107instava, brojni poslovni subjekti i dr\u017eavne ustanove prepoznali su zna\u010daj obnovljivih izvora energije i benefite kako u pogledu zna\u010dajnog umanjenja ra\u010duna za elektri\u010dnu energiju, tako i u vidu doprinosa \u010distijoj \u017eivotnoj sredini&#8221; &#8211; naveo je direktor EPCG-Solar gradnje Ranko Vuksanovi\u0107.<\/p>\n<p>Rade Vojvodi\u0107, izvr\u0161ni direktor UIKS-a, istakao je da \u0107e solarni paneli na krovovima objekata UIKS-a dugi niz godina proizvoditi besplatnu elektri\u010dnu energiju \u0161to predstavlja veliko rastere\u0107enje za dr\u017eavni bud\u017eet, te da je to put kojim bi trebalo da idu sve institucije u Crnoj Gori.<\/p>\n<p>Poslovnice banaka, proizvodne hale, veleprodajni i ugostiteljski objekti \u0161irom Crne Gore, sada posjeduju krovne solarne elektrane, projektovane tako da zadovolje prose\u010dne potrebe korisnika za elektri\u010dnom energijom, a monta\u017ea ve\u0107ih solarnih sistema kod velikih potro\u0161a\u010da strate\u0161ki je zna\u010dajna sa aspekta u\u0161teda i rastere\u0107enja distributivne mre\u017ee u periodima energetske krize i lo\u0161e hidrologije.<\/p>\n<p>Na proizvodnim halama EPCG \u017deljezare predvi\u0111ena je monta\u017ea krovne solarne elektrane u tri faze, ali i na zemlji\u0161tu u krugu fabrike. Na krovu jedne od hala montirana je elektrana snage od gotovo 1,7 MW.<\/p>\n<p>U projektu Solari u\u010destvovala je i Po\u0161ta Crne Gore, Javni servis RTCG, Filozofski fakultet, Nik\u0161i\u0107ko pozori\u0161te, UIKS i brojni privredni subjekti, daju\u0107i doprinos energetskoj tranziciji. Za poslovne korisnike predvi\u0111eni su sistemi ve\u0107e snage &#8211; od minimum deset, pa do vi\u0161e stotina kilovata.<\/p>\n<p>Projekti Solari predstavljaju po\u010detak masovne ugradnje solarnih elektrana i po\u010detak novog investicionog ciklusa koji je pokrenula Elektroprivreda, a koji se odnosi na nove obnovljive izvore, a EPCG-Solar gradnja \u0107e biti deo i narednih projekata<\/p>\n\t\t\t\t\t\t\t\t<\/div>\n\t\t\t\t<\/div>\n\t\t\t\t\t<\/div>\n\t\t<\/div>\n\t\t\t\t\t<\/div>\n\t\t<\/section>\n\t\t\t\t<\/div>\n\t\t","protected":false},"excerpt":{"rendered":"<p>Ekipe EPCG-Solar gradnje postavile su solarne panele na krovovima Uprave za izvr\u0161enje krivi\u010dnih sankcija Crne Gore. Monta\u017eom u Spu\u017eu, zavr\u0161en je fotonaponski sistem snage 560 kW, projektovan da zadovolji potrebe velikog potro\u0161a\u010da i proizvede ve\u0107u koli\u010dinu \u010diste, zelene energije.<\/p>\n","protected":false},"author":5,"featured_media":2575,"comment_status":"closed","ping_status":"closed","sticky":false,"template":"","format":"standard","meta":{"footnotes":""},"categories":[19],"tags":[],"class_list":["post-2579","post","type-post","status-publish","format-standard","has-post-thumbnail","hentry","category-kategorija-vijesti-lat"],"yoast_head":"<!-- This site is optimized with the Yoast SEO plugin v27.2 - https:\/\/yoast.com\/product\/yoast-seo-wordpress\/ -->\n<title>Ugra\u0111eni solarni paneli i na krovovima UIKS-a | Solar gradnja<\/title>\n<meta name=\"description\" content=\"Ekipe EPCG-Solar gradnje postavile su solarne panele na krovovima Uprave za izvr\u0161enje krivi\u010dnih sankcija Crne Gore. Monta\u017eom u Spu\u017eu, zavr\u0161en je fotonaponski sistem snage 560 kW, projektovan da zadovolji potrebe velikog potro\u0161a\u010da i proizvede ve\u0107u koli\u010dinu \u010diste, zelene energije.\" \/>\n<meta name=\"robots\" content=\"index, follow, max-snippet:-1, max-image-preview:large, max-video-preview:-1\" \/>\n<link rel=\"canonical\" href=\"https:\/\/epcg-sg.com\/lat\/ugradeni-solarni-paneli-i-na-krovovima-uiks-a\/\" \/>\n<meta property=\"og:locale\" content=\"en_US\" \/>\n<meta property=\"og:type\" content=\"article\" \/>\n<meta property=\"og:title\" content=\"Ugra\u0111eni solarni paneli i na krovovima UIKS-a | Solar gradnja\" \/>\n<meta property=\"og:description\" content=\"Ekipe EPCG-Solar gradnje postavile su solarne panele na krovovima Uprave za izvr\u0161enje krivi\u010dnih sankcija Crne Gore. Monta\u017eom u Spu\u017eu, zavr\u0161en je fotonaponski sistem snage 560 kW, projektovan da zadovolji potrebe velikog potro\u0161a\u010da i proizvede ve\u0107u koli\u010dinu \u010diste, zelene energije.\" \/>\n<meta property=\"og:url\" content=\"https:\/\/epcg-sg.com\/lat\/ugradeni-solarni-paneli-i-na-krovovima-uiks-a\/\" \/>\n<meta property=\"og:site_name\" content=\"Solar gradnja\" \/>\n<meta property=\"article:publisher\" content=\"https:\/\/www.facebook.com\/solargradnjaofficialpage\" \/>\n<meta property=\"article:published_time\" content=\"2023-08-11T14:30:14+00:00\" \/>\n<meta property=\"article:modified_time\" content=\"2024-02-12T07:35:06+00:00\" \/>\n<meta property=\"og:image\" content=\"https:\/\/epcg-sg.com\/wp-content\/uploads\/2023\/08\/uiks.jpg\" \/>\n\t<meta property=\"og:image:width\" content=\"1600\" \/>\n\t<meta property=\"og:image:height\" content=\"900\" \/>\n\t<meta property=\"og:image:type\" content=\"image\/jpeg\" \/>\n<meta name=\"author\" content=\"dusko\" \/>\n<meta name=\"twitter:card\" content=\"summary_large_image\" \/>\n<meta name=\"twitter:creator\" content=\"@EpcgSolar\" \/>\n<meta name=\"twitter:site\" content=\"@EpcgSolar\" \/>\n<script type=\"application\/ld+json\" class=\"yoast-schema-graph\">{\"@context\":\"https:\/\/schema.org\",\"@graph\":[{\"@type\":\"Article\",\"@id\":\"https:\/\/epcg-sg.com\/lat\/ugradeni-solarni-paneli-i-na-krovovima-uiks-a\/#article\",\"isPartOf\":{\"@id\":\"https:\/\/epcg-sg.com\/lat\/ugradeni-solarni-paneli-i-na-krovovima-uiks-a\/\"},\"author\":{\"name\":\"dusko\",\"@id\":\"https:\/\/epcg-sg.com\/lat\/#\/schema\/person\/2c7a1db17b751a644e75f7638c48a2f9\"},\"headline\":\"Ugra\u0111eni solarni paneli i na krovovima UIKS-a\",\"datePublished\":\"2023-08-11T14:30:14+00:00\",\"dateModified\":\"2024-02-12T07:35:06+00:00\",\"mainEntityOfPage\":{\"@id\":\"https:\/\/epcg-sg.com\/lat\/ugradeni-solarni-paneli-i-na-krovovima-uiks-a\/\"},\"wordCount\":300,\"publisher\":{\"@id\":\"https:\/\/epcg-sg.com\/lat\/#organization\"},\"image\":{\"@id\":\"https:\/\/epcg-sg.com\/lat\/ugradeni-solarni-paneli-i-na-krovovima-uiks-a\/#primaryimage\"},\"thumbnailUrl\":\"https:\/\/epcg-sg.com\/wp-content\/uploads\/2023\/08\/uiks.jpg\",\"articleSection\":[\"Vijesti\"],\"inLanguage\":\"lat\"},{\"@type\":\"WebPage\",\"@id\":\"https:\/\/epcg-sg.com\/lat\/ugradeni-solarni-paneli-i-na-krovovima-uiks-a\/\",\"url\":\"https:\/\/epcg-sg.com\/lat\/ugradeni-solarni-paneli-i-na-krovovima-uiks-a\/\",\"name\":\"Ugra\u0111eni solarni paneli i na krovovima UIKS-a | Solar gradnja\",\"isPartOf\":{\"@id\":\"https:\/\/epcg-sg.com\/lat\/#website\"},\"primaryImageOfPage\":{\"@id\":\"https:\/\/epcg-sg.com\/lat\/ugradeni-solarni-paneli-i-na-krovovima-uiks-a\/#primaryimage\"},\"image\":{\"@id\":\"https:\/\/epcg-sg.com\/lat\/ugradeni-solarni-paneli-i-na-krovovima-uiks-a\/#primaryimage\"},\"thumbnailUrl\":\"https:\/\/epcg-sg.com\/wp-content\/uploads\/2023\/08\/uiks.jpg\",\"datePublished\":\"2023-08-11T14:30:14+00:00\",\"dateModified\":\"2024-02-12T07:35:06+00:00\",\"description\":\"Ekipe EPCG-Solar gradnje postavile su solarne panele na krovovima Uprave za izvr\u0161enje krivi\u010dnih sankcija Crne Gore. Monta\u017eom u Spu\u017eu, zavr\u0161en je fotonaponski sistem snage 560 kW, projektovan da zadovolji potrebe velikog potro\u0161a\u010da i proizvede ve\u0107u koli\u010dinu \u010diste, zelene energije.\",\"breadcrumb\":{\"@id\":\"https:\/\/epcg-sg.com\/lat\/ugradeni-solarni-paneli-i-na-krovovima-uiks-a\/#breadcrumb\"},\"inLanguage\":\"lat\",\"potentialAction\":[{\"@type\":\"ReadAction\",\"target\":[\"https:\/\/epcg-sg.com\/lat\/ugradeni-solarni-paneli-i-na-krovovima-uiks-a\/\"]}]},{\"@type\":\"ImageObject\",\"inLanguage\":\"lat\",\"@id\":\"https:\/\/epcg-sg.com\/lat\/ugradeni-solarni-paneli-i-na-krovovima-uiks-a\/#primaryimage\",\"url\":\"https:\/\/epcg-sg.com\/wp-content\/uploads\/2023\/08\/uiks.jpg\",\"contentUrl\":\"https:\/\/epcg-sg.com\/wp-content\/uploads\/2023\/08\/uiks.jpg\",\"width\":1600,\"height\":900},{\"@type\":\"BreadcrumbList\",\"@id\":\"https:\/\/epcg-sg.com\/lat\/ugradeni-solarni-paneli-i-na-krovovima-uiks-a\/#breadcrumb\",\"itemListElement\":[{\"@type\":\"ListItem\",\"position\":1,\"name\":\"PO\u010cETNA\",\"item\":\"https:\/\/epcg-sg.com\/lat\/\"},{\"@type\":\"ListItem\",\"position\":2,\"name\":\"Ugra\u0111eni solarni paneli i na krovovima UIKS-a\"}]},{\"@type\":\"WebSite\",\"@id\":\"https:\/\/epcg-sg.com\/lat\/#website\",\"url\":\"https:\/\/epcg-sg.com\/lat\/\",\"name\":\"\u0415\u041f\u0426\u0413 \u0421\u043e\u043b\u0430\u0440 \u0433\u0440\u0430\u0434\u045a\u0430\",\"description\":\"Elektroprivreda Crne Gore\",\"publisher\":{\"@id\":\"https:\/\/epcg-sg.com\/lat\/#organization\"},\"potentialAction\":[{\"@type\":\"SearchAction\",\"target\":{\"@type\":\"EntryPoint\",\"urlTemplate\":\"https:\/\/epcg-sg.com\/lat\/?s={search_term_string}\"},\"query-input\":{\"@type\":\"PropertyValueSpecification\",\"valueRequired\":true,\"valueName\":\"search_term_string\"}}],\"inLanguage\":\"lat\"},{\"@type\":\"Organization\",\"@id\":\"https:\/\/epcg-sg.com\/lat\/#organization\",\"name\":\"EPCG Solar gradnja\",\"url\":\"https:\/\/epcg-sg.com\/lat\/\",\"logo\":{\"@type\":\"ImageObject\",\"inLanguage\":\"lat\",\"@id\":\"https:\/\/epcg-sg.com\/lat\/#\/schema\/logo\/image\/\",\"url\":\"\",\"contentUrl\":\"\",\"caption\":\"EPCG Solar gradnja\"},\"image\":{\"@id\":\"https:\/\/epcg-sg.com\/lat\/#\/schema\/logo\/image\/\"},\"sameAs\":[\"https:\/\/www.facebook.com\/solargradnjaofficialpage\",\"https:\/\/x.com\/EpcgSolar\"]},{\"@type\":\"Person\",\"@id\":\"https:\/\/epcg-sg.com\/lat\/#\/schema\/person\/2c7a1db17b751a644e75f7638c48a2f9\",\"name\":\"dusko\"}]}<\/script>\n<!-- \/ Yoast SEO plugin. -->","yoast_head_json":{"title":"Ugra\u0111eni solarni paneli i na krovovima UIKS-a | Solar gradnja","description":"Ekipe EPCG-Solar gradnje postavile su solarne panele na krovovima Uprave za izvr\u0161enje krivi\u010dnih sankcija Crne Gore. Monta\u017eom u Spu\u017eu, zavr\u0161en je fotonaponski sistem snage 560 kW, projektovan da zadovolji potrebe velikog potro\u0161a\u010da i proizvede ve\u0107u koli\u010dinu \u010diste, zelene energije.","robots":{"index":"index","follow":"follow","max-snippet":"max-snippet:-1","max-image-preview":"max-image-preview:large","max-video-preview":"max-video-preview:-1"},"canonical":"https:\/\/epcg-sg.com\/lat\/ugradeni-solarni-paneli-i-na-krovovima-uiks-a\/","og_locale":"en_US","og_type":"article","og_title":"Ugra\u0111eni solarni paneli i na krovovima UIKS-a | Solar gradnja","og_description":"Ekipe EPCG-Solar gradnje postavile su solarne panele na krovovima Uprave za izvr\u0161enje krivi\u010dnih sankcija Crne Gore. Monta\u017eom u Spu\u017eu, zavr\u0161en je fotonaponski sistem snage 560 kW, projektovan da zadovolji potrebe velikog potro\u0161a\u010da i proizvede ve\u0107u koli\u010dinu \u010diste, zelene energije.","og_url":"https:\/\/epcg-sg.com\/lat\/ugradeni-solarni-paneli-i-na-krovovima-uiks-a\/","og_site_name":"Solar gradnja","article_publisher":"https:\/\/www.facebook.com\/solargradnjaofficialpage","article_published_time":"2023-08-11T14:30:14+00:00","article_modified_time":"2024-02-12T07:35:06+00:00","og_image":[{"width":1600,"height":900,"url":"https:\/\/epcg-sg.com\/wp-content\/uploads\/2023\/08\/uiks.jpg","type":"image\/jpeg"}],"author":"dusko","twitter_card":"summary_large_image","twitter_creator":"@EpcgSolar","twitter_site":"@EpcgSolar","schema":{"@context":"https:\/\/schema.org","@graph":[{"@type":"Article","@id":"https:\/\/epcg-sg.com\/lat\/ugradeni-solarni-paneli-i-na-krovovima-uiks-a\/#article","isPartOf":{"@id":"https:\/\/epcg-sg.com\/lat\/ugradeni-solarni-paneli-i-na-krovovima-uiks-a\/"},"author":{"name":"dusko","@id":"https:\/\/epcg-sg.com\/lat\/#\/schema\/person\/2c7a1db17b751a644e75f7638c48a2f9"},"headline":"Ugra\u0111eni solarni paneli i na krovovima UIKS-a","datePublished":"2023-08-11T14:30:14+00:00","dateModified":"2024-02-12T07:35:06+00:00","mainEntityOfPage":{"@id":"https:\/\/epcg-sg.com\/lat\/ugradeni-solarni-paneli-i-na-krovovima-uiks-a\/"},"wordCount":300,"publisher":{"@id":"https:\/\/epcg-sg.com\/lat\/#organization"},"image":{"@id":"https:\/\/epcg-sg.com\/lat\/ugradeni-solarni-paneli-i-na-krovovima-uiks-a\/#primaryimage"},"thumbnailUrl":"https:\/\/epcg-sg.com\/wp-content\/uploads\/2023\/08\/uiks.jpg","articleSection":["Vijesti"],"inLanguage":"lat"},{"@type":"WebPage","@id":"https:\/\/epcg-sg.com\/lat\/ugradeni-solarni-paneli-i-na-krovovima-uiks-a\/","url":"https:\/\/epcg-sg.com\/lat\/ugradeni-solarni-paneli-i-na-krovovima-uiks-a\/","name":"Ugra\u0111eni solarni paneli i na krovovima UIKS-a | Solar gradnja","isPartOf":{"@id":"https:\/\/epcg-sg.com\/lat\/#website"},"primaryImageOfPage":{"@id":"https:\/\/epcg-sg.com\/lat\/ugradeni-solarni-paneli-i-na-krovovima-uiks-a\/#primaryimage"},"image":{"@id":"https:\/\/epcg-sg.com\/lat\/ugradeni-solarni-paneli-i-na-krovovima-uiks-a\/#primaryimage"},"thumbnailUrl":"https:\/\/epcg-sg.com\/wp-content\/uploads\/2023\/08\/uiks.jpg","datePublished":"2023-08-11T14:30:14+00:00","dateModified":"2024-02-12T07:35:06+00:00","description":"Ekipe EPCG-Solar gradnje postavile su solarne panele na krovovima Uprave za izvr\u0161enje krivi\u010dnih sankcija Crne Gore. Monta\u017eom u Spu\u017eu, zavr\u0161en je fotonaponski sistem snage 560 kW, projektovan da zadovolji potrebe velikog potro\u0161a\u010da i proizvede ve\u0107u koli\u010dinu \u010diste, zelene energije.","breadcrumb":{"@id":"https:\/\/epcg-sg.com\/lat\/ugradeni-solarni-paneli-i-na-krovovima-uiks-a\/#breadcrumb"},"inLanguage":"lat","potentialAction":[{"@type":"ReadAction","target":["https:\/\/epcg-sg.com\/lat\/ugradeni-solarni-paneli-i-na-krovovima-uiks-a\/"]}]},{"@type":"ImageObject","inLanguage":"lat","@id":"https:\/\/epcg-sg.com\/lat\/ugradeni-solarni-paneli-i-na-krovovima-uiks-a\/#primaryimage","url":"https:\/\/epcg-sg.com\/wp-content\/uploads\/2023\/08\/uiks.jpg","contentUrl":"https:\/\/epcg-sg.com\/wp-content\/uploads\/2023\/08\/uiks.jpg","width":1600,"height":900},{"@type":"BreadcrumbList","@id":"https:\/\/epcg-sg.com\/lat\/ugradeni-solarni-paneli-i-na-krovovima-uiks-a\/#breadcrumb","itemListElement":[{"@type":"ListItem","position":1,"name":"PO\u010cETNA","item":"https:\/\/epcg-sg.com\/lat\/"},{"@type":"ListItem","position":2,"name":"Ugra\u0111eni solarni paneli i na krovovima UIKS-a"}]},{"@type":"WebSite","@id":"https:\/\/epcg-sg.com\/lat\/#website","url":"https:\/\/epcg-sg.com\/lat\/","name":"\u0415\u041f\u0426\u0413 \u0421\u043e\u043b\u0430\u0440 \u0433\u0440\u0430\u0434\u045a\u0430","description":"Elektroprivreda Crne Gore","publisher":{"@id":"https:\/\/epcg-sg.com\/lat\/#organization"},"potentialAction":[{"@type":"SearchAction","target":{"@type":"EntryPoint","urlTemplate":"https:\/\/epcg-sg.com\/lat\/?s={search_term_string}"},"query-input":{"@type":"PropertyValueSpecification","valueRequired":true,"valueName":"search_term_string"}}],"inLanguage":"lat"},{"@type":"Organization","@id":"https:\/\/epcg-sg.com\/lat\/#organization","name":"EPCG Solar gradnja","url":"https:\/\/epcg-sg.com\/lat\/","logo":{"@type":"ImageObject","inLanguage":"lat","@id":"https:\/\/epcg-sg.com\/lat\/#\/schema\/logo\/image\/","url":"","contentUrl":"","caption":"EPCG Solar gradnja"},"image":{"@id":"https:\/\/epcg-sg.com\/lat\/#\/schema\/logo\/image\/"},"sameAs":["https:\/\/www.facebook.com\/solargradnjaofficialpage","https:\/\/x.com\/EpcgSolar"]},{"@type":"Person","@id":"https:\/\/epcg-sg.com\/lat\/#\/schema\/person\/2c7a1db17b751a644e75f7638c48a2f9","name":"dusko"}]}},"_links":{"self":[{"href":"https:\/\/epcg-sg.com\/lat\/wp-json\/wp\/v2\/posts\/2579","targetHints":{"allow":["GET"]}}],"collection":[{"href":"https:\/\/epcg-sg.com\/lat\/wp-json\/wp\/v2\/posts"}],"about":[{"href":"https:\/\/epcg-sg.com\/lat\/wp-json\/wp\/v2\/types\/post"}],"author":[{"embeddable":true,"href":"https:\/\/epcg-sg.com\/lat\/wp-json\/wp\/v2\/users\/5"}],"replies":[{"embeddable":true,"href":"https:\/\/epcg-sg.com\/lat\/wp-json\/wp\/v2\/comments?post=2579"}],"version-history":[{"count":1,"href":"https:\/\/epcg-sg.com\/lat\/wp-json\/wp\/v2\/posts\/2579\/revisions"}],"predecessor-version":[{"id":2580,"href":"https:\/\/epcg-sg.com\/lat\/wp-json\/wp\/v2\/posts\/2579\/revisions\/2580"}],"wp:featuredmedia":[{"embeddable":true,"href":"https:\/\/epcg-sg.com\/lat\/wp-json\/wp\/v2\/media\/2575"}],"wp:attachment":[{"href":"https:\/\/epcg-sg.com\/lat\/wp-json\/wp\/v2\/media?parent=2579"}],"wp:term":[{"taxonomy":"category","embeddable":true,"href":"https:\/\/epcg-sg.com\/lat\/wp-json\/wp\/v2\/categories?post=2579"},{"taxonomy":"post_tag","embeddable":true,"href":"https:\/\/epcg-sg.com\/lat\/wp-json\/wp\/v2\/tags?post=2579"}],"curies":[{"name":"wp","href":"https:\/\/api.w.org\/{rel}","templated":true}]}}