{"id":2544,"date":"2023-07-26T11:56:30","date_gmt":"2023-07-26T09:56:30","guid":{"rendered":"https:\/\/epcg-sg.com\/autorski-tekst-predsjednika-odbora-direktora-epcg-perspektive-proizvodnje-elektricne-energije-iz-solarnih-elektrana-se-u-kontekstu-projekta-solari-3000-i-500\/"},"modified":"2024-02-12T09:35:12","modified_gmt":"2024-02-12T07:35:12","slug":"autorski-tekst-predsjednika-odbora-direktora-epcg-perspektive-proizvodnje-elektricne-energije-iz-solarnih-elektrana-se-u-kontekstu-projekta-solari-3000-i-500","status":"publish","type":"post","link":"https:\/\/epcg-sg.com\/lat\/autorski-tekst-predsjednika-odbora-direktora-epcg-perspektive-proizvodnje-elektricne-energije-iz-solarnih-elektrana-se-u-kontekstu-projekta-solari-3000-i-500\/","title":{"rendered":"Autorski tekst predsjednika Odbora direktora EPCG: Perspektive proizvodnje elektri\u010dne energije iz solarnih elektrana (SE) u kontekstu projekta Solari 3000+ i 500+"},"content":{"rendered":"\t\t<div data-elementor-type=\"wp-post\" data-elementor-id=\"2544\" class=\"elementor elementor-2544 elementor-2529\" data-elementor-post-type=\"post\">\n\t\t\t\t\t\t<section class=\"elementor-section elementor-top-section elementor-element elementor-element-708ce86 elementor-section-boxed elementor-section-height-default elementor-section-height-default\" data-id=\"708ce86\" data-element_type=\"section\" data-e-type=\"section\" data-settings=\"{&quot;jet_parallax_layout_list&quot;:[]}\">\n\t\t\t\t\t\t<div class=\"elementor-container elementor-column-gap-default\">\n\t\t\t\t\t<div class=\"elementor-column elementor-col-100 elementor-top-column elementor-element elementor-element-e88d88f\" data-id=\"e88d88f\" data-element_type=\"column\" data-e-type=\"column\">\n\t\t\t<div class=\"elementor-widget-wrap elementor-element-populated\">\n\t\t\t\t\t\t<div class=\"elementor-element elementor-element-d2154f1 elementor-widget elementor-widget-text-editor\" data-id=\"d2154f1\" data-element_type=\"widget\" data-e-type=\"widget\" data-widget_type=\"text-editor.default\">\n\t\t\t\t<div class=\"elementor-widget-container\">\n\t\t\t\t\t\t\t\t\t<p>Milutin \u0110ukanovi\u0107, predsjednik Odbora direktora EPCG<\/p>\n\t\t\t\t\t\t\t\t<\/div>\n\t\t\t\t<\/div>\n\t\t\t\t\t<\/div>\n\t\t<\/div>\n\t\t\t\t\t<\/div>\n\t\t<\/section>\n\t\t\t\t<section class=\"elementor-section elementor-top-section elementor-element elementor-element-de2197b elementor-section-boxed elementor-section-height-default elementor-section-height-default\" data-id=\"de2197b\" data-element_type=\"section\" data-e-type=\"section\" data-settings=\"{&quot;jet_parallax_layout_list&quot;:[]}\">\n\t\t\t\t\t\t<div class=\"elementor-container elementor-column-gap-default\">\n\t\t\t\t\t<div class=\"elementor-column elementor-col-100 elementor-top-column elementor-element elementor-element-f094763\" data-id=\"f094763\" data-element_type=\"column\" data-e-type=\"column\">\n\t\t\t<div class=\"elementor-widget-wrap elementor-element-populated\">\n\t\t\t\t\t\t<div class=\"elementor-element elementor-element-b3942a6 elementor-widget elementor-widget-text-editor\" data-id=\"b3942a6\" data-element_type=\"widget\" data-e-type=\"widget\" data-widget_type=\"text-editor.default\">\n\t\t\t\t<div class=\"elementor-widget-container\">\n\t\t\t\t\t\t\t\t\t<p>Da bi uop\u0161te bilo mogu\u0107e pokrenuti bilo koji projekat \u00a0a kasnije i realizaciju istog,\u00a0 moraju se prvo definisati\u00a0 osnovni ciljevi, odnosno pokrenuti projekat sa vizijom krajnjeg cilja.\u00a0 Ukoliko se proma\u0161e ciljevi, sve kasnije aktivnosti su proma\u0161aji i donose \u0161tetu. U nastavku najprije defini\u0161emo ciljeve koje \u0107emo kasnije i objasniti.<\/p>\n<p>Osnovni ciljevi su:<\/p>\n<ol>\n<li>Proizvoditi i prodavati \u0161to vi\u0161e elektri\u010dne energije;<\/li>\n<li>Proizvoditi jeftinu elektri\u010dnu energiju;<\/li>\n<li>Proizvoditi elektri\u010dnu energiju iz obnovljivih izvora.<\/li>\n<\/ol>\n<p>&nbsp;<\/p>\n<p><strong>Prva dva cilja<\/strong>\u00a0su univerzalna za sve poslovne procese koji se bave proizvodnjom odre\u0111ene robe, pod uslovom da je proizvod kvalitetan i konkurentan, odnosno da se mo\u017ee plasirati na tr\u017ei\u0161te. Elektri\u010dna energija je jedan od rijetkih proizvoda iz Crne Gore koji je identi\u010dnog kvaliteta kao\u00a0 i ona koja je proizvedena u\u00a0 drugim, razvijenim \u00a0zemljama, zato \u0161to je njen kvalitet garantovan kroz odr\u017eavanje frekvencije i napona u zadatim granicama. Tako\u0111e, za prodaju elektri\u010dne energije obezbije\u0111eno je tr\u017ei\u0161te, kako unutar Crne Gore tako i van Crne Gore.<\/p>\n<p>Sigurno je da \u0107e se potro\u0161nja elektri\u010dne energije u narednom periodu, rastom privrednih aktivnosti,\u00a0\u00a0 pove\u0107avati, a samim tim potreba za pove\u0107anjem proizvodnje energije \u0107e rasti.<\/p>\n<p>\u0160to se ti\u010de cijene elektri\u010dne energije, uzimaju\u0107i u obzir investicione i eksploatacione tro\u0161kove, najjeftinija je energija dobijena iz solarnih elektrana.<\/p>\n<p><strong>Tre\u0107i cilj<\/strong>\u00a0je najzanimljiviji i najmanje poznat \u0161iroj javnosti\u00a0 i zbog toga zaslu\u017euje da se detaljnije objasni. Ovdje ne\u0107emo polemisati sa stavovima o opravdanosti odnosno neopravdanosti smanjenja proizvodnje elektri\u010dne energije iz fosilnih goriva, ve\u0107 \u0107emo prihvatiti kao elementarnu \u010dinjenicu (razne direktive, stavove, sugestije EU, takse na CO2, poreze) da moramo da smanjujemo tu vrstu proizvodnje, a samim tim i emisije \u0161tetnih gasova. Smanjenjem ove vrste proizvodnje name\u0107e se potreba za zamjenskom energijom i zato treba da uslijede\u00a0 ubrzane aktivnosti za pove\u0107anje proizvodnje iz drugih izvora, a posebno obnovljivih.<\/p>\n<p>Tako\u0111e, ovdje ne\u0107emo, mada je to veoma zna\u010dajno, analizirati tro\u0161kove balansiranja i skladi\u0161tenja te energije, iz razloga \u0161to EPCG ima, zahvaljuju\u0107i svojim hidroakumulacijama, izvanredan potencijal za balansiranje varijabilne \u00a0proizvodnje elektri\u010dne energije iz svojih obnovljivih izvora. O skladi\u0161tenju mo\u017eemo razmi\u0161ljati uporedo sa izgradnjom solarnih izvora. Za prvih nekoliko stotina MW nedostatak kapaciteta za skladi\u0161tenje strate\u0161ki ne mo\u017ee da ugrozi proces i funkcionalnost sistema.<\/p>\n<p>Kada sve ovo imamo u vidu, proizvodnja elektri\u010dne energije iz obnovljivih izvora, na principu fotonaponskog efekta, \u010dini se vi\u0161e nego opravdanom.<\/p>\n<p><strong>Zna\u010di, ciljevi su opravdani.<\/strong><\/p>\n<p>Postavlja se osnovno pitanje: kako efikasno i brzo realizovati te ciljeve, a da se\u00a0 realizacijom ne ugrozi strate\u0161ki razvoj energetike u Crnoj Gori. Novi projekti, zbog ograni\u010denog kapaciteta prenosne i distributivne mre\u017ee,\u00a0 ne smiju naru\u0161iti stabilnost energetskog sistema. Oni moraju biti prihvatljivi za prenosnu i distributivnu mre\u017eu, a kompatibilni\u00a0 sa novim, jo\u0161 neizgra\u0111enim, ali planiranim, izvorima elektri\u010dne energije.<\/p>\n<p>U Crnoj Gori ve\u0107 su (koncesija dodijeljena 2018., gradnja je trebalo da po\u010dne 2020. godine, proizvodnja krajem 2021.) pokrenuti projekti izgradnje SE Briska Gora (I faza 50 MW, II faza 200 MW) i planirano je davanje pod koncesiju zemlji\u0161ta u rejonu Veljeg Brda za izgradnju SE snage 200 MW. Sredinom 2021. godine EPCG je pokrenula\u00a0 sna\u017enu akciju evidentiranja, u isto\u010dnom dijelu op\u0161tine Nik\u0161i\u0107, potencijalnih lokacija za izgradnju SE (takozvani projekat\u00a0<strong><em>Kameno more<\/em><\/strong>). Tako\u0111e, pokrenut je i projekat izgradnje plutaju\u0107e SE na Slanom jezeru snage 40 MW. Svi ovi projekti su i dalje aktuelni, ali zbog raznih administrativno-tehni\u010dkih problema (nedefinisani prostorni planovi, nesre\u0111eni javni registri imovine i vlasnika, ograni\u010deni i nedefinisani uslovi priklju\u010denja, neizvjesnost dobijanja raznih dozvola&#8230;) njihova realizacija je usporena ili gotovo zaustavljena. Suo\u010deni sa velikim problemima u realizaciji ovih projekata, a svjesni \u010dinjenice da MORAJU da se grade novi izvori elektri\u010dne energije\u00a0 i da se moraju prevazi\u0107i administrativno-tehni\u010dki problemi, poslovodstvo EPCG, sredinom 2021. godine, dolazi na ideju da uspostavi novu poslovnu politiku u izgradnji novih SE.<\/p>\n<p><strong><em>PROIZVODI GDJE TRO\u0160I\u0160<\/em><\/strong>\u00a0postaje novi poslovni moto EPCG.\u00a0 Glavni protagonisti ove politike su EPCG i njeni potro\u0161a\u010di. Kao posledica ovakvog razmi\u0161ljanja pokre\u0107e se projekat SOLARI 3000+ i 500+. Su\u0161tina projekta je da se kod 3000 fizi\u010dkih\u00a0 i 500 pravnih lica, na njihovim krovovima, instaliraju SE snage od 3 kW do 30 kW. U toku realizacije odlu\u010dili smo da projekat pro\u0161irimo i omogu\u0107imo pravnim licima ugradnju SE do 999 kW. Ukupno bi se izgradilo\u00a0 solarnih elektrana zbirne\u00a0 snage\u00a0 oko 30 MW. Tako\u0111e, da bi se o\u010duvala stabilnost distributivne mre\u017ee, potro\u0161a\u010dima se dozvoljava ugradnja SE upravo one snage koja \u0107e omogu\u0107iti proizvodnju koja je dovoljna da podmiri njihovu potro\u0161nju.<\/p>\n<p>&nbsp;<\/p>\n<p>\u0160ta se to moralo uraditi da bi po\u010dela realizacija\u00a0 ovog projekta?<\/p>\n<p>Nave\u0161\u0107emo samo najzna\u010dajnije procese:<\/p>\n<ol>\n<li>Izrada Idejnog tehni\u010dkog re\u0161enja;<\/li>\n<li>Izrada Studije izvodljivosti i Poslovnog plana;<\/li>\n<li>Javni poziv za obezbje\u0111enje finansijskih sredstava;<\/li>\n<li>Medijska strategija za prijavljivanje potro\u0161a\u010da;<\/li>\n<li>Nabavka opreme;<\/li>\n<li>Formiranje firme za ugradnju solarnih elektrana;<\/li>\n<li>Obilazak prijavljenih potro\u0161a\u010da, sa ciljem da se utvrdi postojanje tehni\u010dkih uslova i da se prezentuje detaljna ponuda (cijena, na\u010din otplate&#8230;);<\/li>\n<li>Izrada ITR (za korisnike \u010dija je snaga preko 30 kW);<\/li>\n<li>Potpisivanje Ugovora sa potro\u0161a\u010dem;<\/li>\n<li>Ugovor o subvenciji (20%) sa EKO fondom;<\/li>\n<li>Izrada glavnog projekta (GP za korisnike \u010dija je snaga preko 30 kW);<\/li>\n<li>Montiranje;<\/li>\n<li>Atestiranje;<\/li>\n<li>Ugovor sa CEDIS-om;<\/li>\n<li>Ugovor sa FCS;<\/li>\n<li>Ispostavljanje fakture potro\u0161a\u010du za ugra\u0111enu opremu i izvr\u0161ene usluge.<\/li>\n<\/ol>\n<p>&nbsp;<\/p>\n<p>Ovdje je va\u017eno izdvojiti nekoliko zna\u010dajnih elemenata koji ovaj projekat \u010dine jedinstvenim:<\/p>\n<p>&nbsp;<\/p>\n<ol>\n<li><strong> Finansiranje<\/strong><\/li>\n<\/ol>\n<p>EPCG je obezbijedila kredit od IRF-a od 30.000.000,00 \u20ac za nabavku i ugradnju opreme (10 godina, grejs period 2 godine, kamata fiksna 1.63%). EPCG kredit prenosi na potro\u0161a\u010de kojima se ugra\u0111uje SE. Potro\u0161a\u010du se dozvoljava da mu rata za otplatu opreme bude za 1 cent manja od dotada\u0161njeg prosje\u010dnog ra\u010duna za elektri\u010dnu energiju. Po\u0161to je proizvodnja=potro\u0161nja, odnosno tro\u0161kovi elektri\u010dne energije su 0, u narednom periodu potro\u0161a\u010d otpla\u0107uje samo opremu i ti tro\u0161kovi mu ne prelaze dotada\u0161nje tro\u0161kove potro\u0161nje elektri\u010dne energije. Rok otplate je od 6 do 10 godina. Nakon otplate opreme elektri\u010dna energija za potro\u0161a\u010da je besplatna.<\/p>\n<p>&nbsp;<\/p>\n<ol start=\"2\">\n<li><strong> Subvencije Eko fonda<\/strong><\/li>\n<\/ol>\n<p>EPCG je bila u obavezi da za 2022. godinu po osnovu emisije CO2 uplati EKO fondu oko 6.000.000,00 \u20ac. Po\u0161to je EKO fond u obavezi da finansira takozvane\u00a0<em>zelene projekte<\/em>, EKO fond se obavezao da \u0107e od sredstava koje dobija od EPCG dati subvenciju od 20%,\u00a0 svakom potro\u0161a\u010du kome se ugradi SE u projektu SOLARI 3000+ i 500+.<\/p>\n<p>Kona\u010dna faktura koja se ispostavlja potro\u0161a\u010du umanjuje se za tih 20% i na takvu fakturu se utvr\u0111uju rate za otplatu opreme. EPCG umjesto jednokratne uplate od 6M upla\u0107uje tih 6M za period od 10 godina. Tako\u0111e, EPCG je donijela odluku, da kao vid dodatne subvencije potro\u0161a\u010de oslobodi kamate.<\/p>\n<p>Nije te\u0161ko pretpostaviti sa \u010dim bi se sve suo\u010dio obi\u010dan gra\u0111anin da je krenuo sam da obezbje\u0111uje kredit, nabavlja opremu, tra\u017ei subvenciju od EKO fonda\u2026 Samo po osnovu nabavke cjelokupne opreme od strane EPCG, a ne pojedina\u010dne nabavke svakom potro\u0161a\u010du napravljena je u\u0161teda od jo\u0161 najmanje 10%.<\/p>\n<p>&nbsp;<\/p>\n<ol start=\"3\">\n<li><strong> Formiranje k\u0107erke firme EPCG-SOLAR-GRADNJA (ESG) i formiranje Direkcije za obnovljive izvore energije u EPCG (DOIE)<\/strong><\/li>\n<\/ol>\n<p>Da bi se realizovao kompletan projekat, a i za realizaciju budu\u0107ih projekata, odlu\u010dili smo da formiramo k\u0107erku firmu ESG. Osnovni zadaci ESG (400 montera i elektri\u010dara, 50 in\u017eenjera, 50 radnika u logistici, magacinima, transportu i administraciji) su da vr\u0161i ugradnju i pu\u0161tanje u rad SE. Svi monteri su pro\u0161li obuku kroz trena\u017eni centar i dobili su odgovaraju\u0107e licence za vr\u0161enje monta\u017ea. Novoformirana DOIE je zadu\u017eena da komunicira sa potro\u0161a\u010dima i obezbje\u0111uje dovoljan broj monta\u017ea, obezbje\u0111uje nabavku neophodne opreme (solarne panele, konstrukcije, podkonstrukcije, invertore, energetsku i za\u0161titnu opremu), priprema i kreira neophodnu dokumentaciju (ponude, ugovore, ITR, GP, plan monta\u017ea, ateste, zahtjeve prema CEDIS-u, zahtjeve prema FCS, fakture za ugradnju opreme i izvr\u0161ene usluge), vr\u0161i monitoring nad instaliranim SE.<\/p>\n<p>&nbsp;<\/p>\n<ol start=\"4\">\n<li><strong> Oslobo\u0111ena energija<\/strong><\/li>\n<\/ol>\n<p>Osim nesporne koristi koju ostvaruju na\u0161i potro\u0161a\u010di kojima su ugra\u0111ene SE i \u010dinjenice da je anga\u017eovano preko 500 novozaposlenih koji su ovladali vje\u0161tinama kojima mogu obezbijediti svoju egzistenciju, postavlja se pitanje koju korist ima EPCG od ovog projekta. Odgovor se nalazi u naslovu ovog pasusa. \u0160ta je to oslobo\u0111ena energija? Jednostavno, to je energija koju ne\u0107emo isporu\u010diti potro\u0161a\u010du, kojem je ugra\u0111ena SE, po cijeni od 43 \u20ac\/MWh, ve\u0107 \u0107emo mo\u0107i da je izvezemo po znatno ve\u0107oj cijeni. Va\u017eno je, tako\u0111e, naglasiti da EPCG u svom energetskom bilansu najve\u0107e deficite ima u ljetnjim mjesecima. Samo da podsjetim kako su se kretale cijene elektri\u010dne energije u prethodne dvije godine:<\/p>\n<p>Da smo\u00a0 2021. godine imali realizovan projektat 3000+ i 500+, odnosno instaliranih 30 MW SE i proizvodnju od 45.000 MWh, EPCG (cijena na HUPX berzi 113.86\/MWh) bi prihodovala dodatnih 5.123.700,00\u20ac, a 2022. godine (cijena na HUPX berzi 271.66\u20ac\/MWh) prihod bi iznosio 12.224.700,00\u20ac. Ukoliko bi se trenutna cijena (116.07\u20ac\/MWh) primijenila za 2023. godinu prihod EPCG bi iznosio 5.223.150,00\u20ac. Posmatraju\u0107i projektovanu cijenu za 2024. godinu (156,19\u20ac\/MWh) prihod bi iznosio 7.028.550,00\u20ac, a za cijenu za 2025. godinu (131,76\u20ac\/MWh) prihod bi bio 5.929.200,00 \u20ac.<\/p>\n<p>Ovi brojevi vi\u0161e nego dovoljno govore o koristi koju \u0107e ostvariti EPCG.<\/p>\n<p>&nbsp;<\/p>\n<ol start=\"5\">\n<li><strong> Zakonske izmjene<\/strong><\/li>\n<\/ol>\n<p>Prilikom po\u010detka realizacije projekta odmah smo se suo\u010dili sa\u00a0 administrativnim preprekama, odnosno nesre\u0111enim javnim registrima. Za SE snage 3kW bilo je neophodno obratiti se\u00a0 lokalnoj samoupravi sa Zahtjevom za UTU. To je strahovito usporavalo \u010ditav proces. Na inicijativu EPCG, Skup\u0161tina Crne Gore je donijela\u00a0<em>Izmjene zakona o planiranju i izgradnji objekata<\/em>\u00a0kojim se\u00a0 prvo od UTU izuzimaju SE snage do 30 kW, a zatim i SE do 999 kW. Tako\u0111e, Skup\u0161tina Crne Gore je usvojila\u00a0\u00a0<em>Izmjene zakona o PDV-u<\/em>, kojim se solarni paneli iz vi\u0161e poreske grupe (21%) svrstavaju u ni\u017eu poresku grupu (7%), i tako je potro\u0161a\u010dima-proizvo\u0111a\u010dima oprema za SE postala jo\u0161 jeftinija. Tako\u0111e, Ministarstvo finansija je dostavilo\u00a0<em>Mi\u0161ljenje<\/em>\u00a0kojim nabavka opreme i robe koja slu\u017ei za dalju prodaju, a to je slu\u010daj u ovom projektu, ne podlije\u017ee procedurama Javnih nabavki. Sve ove aktivnosti su omogu\u0107ile zna\u010dajno ubrzanje projekta i u\u010dinile njegovu realizaciju izvjesnom.<\/p>\n<p>&nbsp;<\/p>\n<p>Osim svih izuzetno pozitivnih efekata\u00a0 koje donosi ovaj projekat i koje \u0107e donositi sli\u010dni projekti, neophodno je ukazati, osim na ve\u0107 pomenute zakonske probleme, i na druge probleme, bilo objektivne, bilo subjektivne, a koje \u0107emo ovdje identifikovati:<\/p>\n<p>&nbsp;<\/p>\n<ul>\n<li>Zakonska regulative<\/li>\n<li>Osim ve\u0107 pomenutih izmjena zakona, neophodno je pojednostaviti procedure koje \u00a0se odnose na\u00a0 priklju\u010denja SE na distributivnu mre\u017eu, jasno definisati polo\u017eaj CEDIS-a u sistemu potro\u0161a\u010d-proizvo\u0111a\u010d<\/li>\n<li>Javni registri<\/li>\n<li>\u00a0I dalje za projekte preko 30 kW, bez obzira na to \u0161to nijesu potrebni UTU, moramo prilikom izrade GP koji se dostavlja CEDIS-u imati ure\u0111ene imovinsko-pravne odnose;<\/li>\n<li>Mora se raditi na unapre\u0111enju evidencije potro\u0161a\u010da kako kod CEDIS-a, tako i kod FCS (Snabdijevanje);<\/li>\n<li>Nedostatak stru\u010dnog kadra<\/li>\n<li>\u00a0Imamo izuzetno malo\u00a0 stru\u010dnog kadra koji je u stanju da radi Glavne projekte za SE snage ve\u0107e od 30 kW;<\/li>\n<li>In\u017eenjeri moraju zna\u010dajno da unaprijede svoja informati\u010dka znanja;<\/li>\n<li>Komercijala mora\u00a0 znatno bolje da poznaje tr\u017ei\u0161te opreme i robe neophodne za nabavku istih;<\/li>\n<li>Unutra\u0161nje procedure<\/li>\n<li>Potrebno je uprostiti sve unutra\u0161nje procedure, od razvoja projekta, nabavki, do pu\u0161tanja u rad SE i fakturisanja;<\/li>\n<li>Rad ESG<\/li>\n<li>Precizno definisati odgovornost i obaveze svih zaposlenih<\/li>\n<li>Rije\u0161iti finansiranje ESG, kada ne mogu da se rade monta\u017ee (vremenske prilike, nedostatak opreme, nedovoljan broj spremnih objekata), kako bi se zaposleni vezali za firmu i kako bi osje\u0107ali sigurnost<\/li>\n<li>Komercijala da obezbje\u0111uje i rad mimo EPCG projekata<\/li>\n<\/ul>\n<p>&nbsp;<\/p>\n<p>Kada se sve uzme u obzir zaklju\u010dak ne treba posebno izvoditi, ve\u0107 raditi na otklanjanju uo\u010denih problema i u\u017eurbano raditi na nastavku ovog projekta kroz projekte Solari 5.000+ (70 MW) i Solari 10.000+ (100 MW).<\/p>\n<p>Paralelno sa ovim aktivnostima neophodno je pristupiti izgradnji velikih solarnih elektrana primjenjuju\u0107i novu poslovnu politiku da <strong>hidroenergetsku infrastrukturu koristimo za priklju\u010denje SE<\/strong>. O kompatibilnosti, odnosno komplementarnosti HE i SE izli\u0161no je govoriti kako sa tehni\u010dkog, tako i meteorolo\u0161kog aspekta.<\/p>\n<p>Da ne bi bilo zabune, da se ne pomisli da EPCG razmi\u0161lja samo o izgradnji SE, u EPCG postoji\u00a0 veliki broj projekata koji se odnose na izgradnju hidro, vjetro i gasnih elektrana, ali ovo je bio osvrt na jedan projekat koji je poslednji pokrenut, a bi\u0107e prvi zavr\u0161en.<\/p>\n\t\t\t\t\t\t\t\t<\/div>\n\t\t\t\t<\/div>\n\t\t\t\t\t<\/div>\n\t\t<\/div>\n\t\t\t\t\t<\/div>\n\t\t<\/section>\n\t\t\t\t<\/div>\n\t\t","protected":false},"excerpt":{"rendered":"<p>Kada se sve uzme u obzir zaklju\u010dak ne treba posebno izvoditi, ve\u0107 raditi na otklanjanju uo\u010denih problema i u\u017eurbano raditi na nastavku ovog projekta kroz projekte Solari 5.000+ (70 MW) i Solari 10.000+ (100 MW).<\/p>\n","protected":false},"author":1,"featured_media":2531,"comment_status":"closed","ping_status":"closed","sticky":false,"template":"","format":"standard","meta":{"footnotes":""},"categories":[19],"tags":[],"class_list":["post-2544","post","type-post","status-publish","format-standard","has-post-thumbnail","hentry","category-kategorija-vijesti-lat"],"yoast_head":"<!-- This site is optimized with the Yoast SEO plugin v27.2 - https:\/\/yoast.com\/product\/yoast-seo-wordpress\/ -->\n<title>Autorski tekst predsjednika Odbora direktora EPCG: Perspektive proizvodnje elektri\u010dne energije iz solarnih elektrana (SE) u kontekstu projekta Solari 3000+ i 500+ | Solar gradnja<\/title>\n<meta name=\"description\" content=\"Kada se sve uzme u obzir zaklju\u010dak ne treba posebno izvoditi, ve\u0107 raditi na otklanjanju uo\u010denih problema i u\u017eurbano raditi na nastavku ovog projekta kroz projekte Solari 5.000+ (70 MW) i Solari 10.000+ (100 MW).\" \/>\n<meta name=\"robots\" content=\"index, follow, max-snippet:-1, max-image-preview:large, max-video-preview:-1\" \/>\n<link rel=\"canonical\" href=\"https:\/\/epcg-sg.com\/lat\/autorski-tekst-predsjednika-odbora-direktora-epcg-perspektive-proizvodnje-elektricne-energije-iz-solarnih-elektrana-se-u-kontekstu-projekta-solari-3000-i-500\/\" \/>\n<meta property=\"og:locale\" content=\"en_US\" \/>\n<meta property=\"og:type\" content=\"article\" \/>\n<meta property=\"og:title\" content=\"Autorski tekst predsjednika Odbora direktora EPCG: Perspektive proizvodnje elektri\u010dne energije iz solarnih elektrana (SE) u kontekstu projekta Solari 3000+ i 500+ | Solar gradnja\" \/>\n<meta property=\"og:description\" content=\"Kada se sve uzme u obzir zaklju\u010dak ne treba posebno izvoditi, ve\u0107 raditi na otklanjanju uo\u010denih problema i u\u017eurbano raditi na nastavku ovog projekta kroz projekte Solari 5.000+ (70 MW) i Solari 10.000+ (100 MW).\" \/>\n<meta property=\"og:url\" content=\"https:\/\/epcg-sg.com\/lat\/autorski-tekst-predsjednika-odbora-direktora-epcg-perspektive-proizvodnje-elektricne-energije-iz-solarnih-elektrana-se-u-kontekstu-projekta-solari-3000-i-500\/\" \/>\n<meta property=\"og:site_name\" content=\"Solar gradnja\" \/>\n<meta property=\"article:publisher\" content=\"https:\/\/www.facebook.com\/solargradnjaofficialpage\" \/>\n<meta property=\"article:published_time\" content=\"2023-07-26T09:56:30+00:00\" \/>\n<meta property=\"article:modified_time\" content=\"2024-02-12T07:35:12+00:00\" \/>\n<meta property=\"og:image\" content=\"https:\/\/epcg-sg.com\/wp-content\/uploads\/2023\/07\/milutin-djukanovic.jpg\" \/>\n\t<meta property=\"og:image:width\" content=\"1280\" \/>\n\t<meta property=\"og:image:height\" content=\"861\" \/>\n\t<meta property=\"og:image:type\" content=\"image\/jpeg\" \/>\n<meta name=\"author\" content=\"andrija\" \/>\n<meta name=\"twitter:card\" content=\"summary_large_image\" \/>\n<meta name=\"twitter:creator\" content=\"@EpcgSolar\" \/>\n<meta name=\"twitter:site\" content=\"@EpcgSolar\" \/>\n<script type=\"application\/ld+json\" class=\"yoast-schema-graph\">{\"@context\":\"https:\/\/schema.org\",\"@graph\":[{\"@type\":\"Article\",\"@id\":\"https:\/\/epcg-sg.com\/lat\/autorski-tekst-predsjednika-odbora-direktora-epcg-perspektive-proizvodnje-elektricne-energije-iz-solarnih-elektrana-se-u-kontekstu-projekta-solari-3000-i-500\/#article\",\"isPartOf\":{\"@id\":\"https:\/\/epcg-sg.com\/lat\/autorski-tekst-predsjednika-odbora-direktora-epcg-perspektive-proizvodnje-elektricne-energije-iz-solarnih-elektrana-se-u-kontekstu-projekta-solari-3000-i-500\/\"},\"author\":{\"name\":\"andrija\",\"@id\":\"https:\/\/epcg-sg.com\/lat\/#\/schema\/person\/ab3ed7d89cd132bf05a984825ae8b480\"},\"headline\":\"Autorski tekst predsjednika Odbora direktora EPCG: Perspektive proizvodnje elektri\u010dne energije iz solarnih elektrana (SE) u kontekstu projekta Solari 3000+ i 500+\",\"datePublished\":\"2023-07-26T09:56:30+00:00\",\"dateModified\":\"2024-02-12T07:35:12+00:00\",\"mainEntityOfPage\":{\"@id\":\"https:\/\/epcg-sg.com\/lat\/autorski-tekst-predsjednika-odbora-direktora-epcg-perspektive-proizvodnje-elektricne-energije-iz-solarnih-elektrana-se-u-kontekstu-projekta-solari-3000-i-500\/\"},\"wordCount\":2133,\"publisher\":{\"@id\":\"https:\/\/epcg-sg.com\/lat\/#organization\"},\"image\":{\"@id\":\"https:\/\/epcg-sg.com\/lat\/autorski-tekst-predsjednika-odbora-direktora-epcg-perspektive-proizvodnje-elektricne-energije-iz-solarnih-elektrana-se-u-kontekstu-projekta-solari-3000-i-500\/#primaryimage\"},\"thumbnailUrl\":\"https:\/\/epcg-sg.com\/wp-content\/uploads\/2023\/07\/milutin-djukanovic.jpg\",\"articleSection\":[\"Vijesti\"],\"inLanguage\":\"lat\"},{\"@type\":\"WebPage\",\"@id\":\"https:\/\/epcg-sg.com\/lat\/autorski-tekst-predsjednika-odbora-direktora-epcg-perspektive-proizvodnje-elektricne-energije-iz-solarnih-elektrana-se-u-kontekstu-projekta-solari-3000-i-500\/\",\"url\":\"https:\/\/epcg-sg.com\/lat\/autorski-tekst-predsjednika-odbora-direktora-epcg-perspektive-proizvodnje-elektricne-energije-iz-solarnih-elektrana-se-u-kontekstu-projekta-solari-3000-i-500\/\",\"name\":\"Autorski tekst predsjednika Odbora direktora EPCG: Perspektive proizvodnje elektri\u010dne energije iz solarnih elektrana (SE) u kontekstu projekta Solari 3000+ i 500+ | Solar gradnja\",\"isPartOf\":{\"@id\":\"https:\/\/epcg-sg.com\/lat\/#website\"},\"primaryImageOfPage\":{\"@id\":\"https:\/\/epcg-sg.com\/lat\/autorski-tekst-predsjednika-odbora-direktora-epcg-perspektive-proizvodnje-elektricne-energije-iz-solarnih-elektrana-se-u-kontekstu-projekta-solari-3000-i-500\/#primaryimage\"},\"image\":{\"@id\":\"https:\/\/epcg-sg.com\/lat\/autorski-tekst-predsjednika-odbora-direktora-epcg-perspektive-proizvodnje-elektricne-energije-iz-solarnih-elektrana-se-u-kontekstu-projekta-solari-3000-i-500\/#primaryimage\"},\"thumbnailUrl\":\"https:\/\/epcg-sg.com\/wp-content\/uploads\/2023\/07\/milutin-djukanovic.jpg\",\"datePublished\":\"2023-07-26T09:56:30+00:00\",\"dateModified\":\"2024-02-12T07:35:12+00:00\",\"description\":\"Kada se sve uzme u obzir zaklju\u010dak ne treba posebno izvoditi, ve\u0107 raditi na otklanjanju uo\u010denih problema i u\u017eurbano raditi na nastavku ovog projekta kroz projekte Solari 5.000+ (70 MW) i Solari 10.000+ (100 MW).\",\"breadcrumb\":{\"@id\":\"https:\/\/epcg-sg.com\/lat\/autorski-tekst-predsjednika-odbora-direktora-epcg-perspektive-proizvodnje-elektricne-energije-iz-solarnih-elektrana-se-u-kontekstu-projekta-solari-3000-i-500\/#breadcrumb\"},\"inLanguage\":\"lat\",\"potentialAction\":[{\"@type\":\"ReadAction\",\"target\":[\"https:\/\/epcg-sg.com\/lat\/autorski-tekst-predsjednika-odbora-direktora-epcg-perspektive-proizvodnje-elektricne-energije-iz-solarnih-elektrana-se-u-kontekstu-projekta-solari-3000-i-500\/\"]}]},{\"@type\":\"ImageObject\",\"inLanguage\":\"lat\",\"@id\":\"https:\/\/epcg-sg.com\/lat\/autorski-tekst-predsjednika-odbora-direktora-epcg-perspektive-proizvodnje-elektricne-energije-iz-solarnih-elektrana-se-u-kontekstu-projekta-solari-3000-i-500\/#primaryimage\",\"url\":\"https:\/\/epcg-sg.com\/wp-content\/uploads\/2023\/07\/milutin-djukanovic.jpg\",\"contentUrl\":\"https:\/\/epcg-sg.com\/wp-content\/uploads\/2023\/07\/milutin-djukanovic.jpg\",\"width\":1280,\"height\":861},{\"@type\":\"BreadcrumbList\",\"@id\":\"https:\/\/epcg-sg.com\/lat\/autorski-tekst-predsjednika-odbora-direktora-epcg-perspektive-proizvodnje-elektricne-energije-iz-solarnih-elektrana-se-u-kontekstu-projekta-solari-3000-i-500\/#breadcrumb\",\"itemListElement\":[{\"@type\":\"ListItem\",\"position\":1,\"name\":\"PO\u010cETNA\",\"item\":\"https:\/\/epcg-sg.com\/lat\/\"},{\"@type\":\"ListItem\",\"position\":2,\"name\":\"Autorski tekst predsjednika Odbora direktora EPCG: Perspektive proizvodnje elektri\u010dne energije iz solarnih elektrana (SE) u kontekstu projekta Solari 3000+ i 500+\"}]},{\"@type\":\"WebSite\",\"@id\":\"https:\/\/epcg-sg.com\/lat\/#website\",\"url\":\"https:\/\/epcg-sg.com\/lat\/\",\"name\":\"\u0415\u041f\u0426\u0413 \u0421\u043e\u043b\u0430\u0440 \u0433\u0440\u0430\u0434\u045a\u0430\",\"description\":\"Elektroprivreda Crne Gore\",\"publisher\":{\"@id\":\"https:\/\/epcg-sg.com\/lat\/#organization\"},\"potentialAction\":[{\"@type\":\"SearchAction\",\"target\":{\"@type\":\"EntryPoint\",\"urlTemplate\":\"https:\/\/epcg-sg.com\/lat\/?s={search_term_string}\"},\"query-input\":{\"@type\":\"PropertyValueSpecification\",\"valueRequired\":true,\"valueName\":\"search_term_string\"}}],\"inLanguage\":\"lat\"},{\"@type\":\"Organization\",\"@id\":\"https:\/\/epcg-sg.com\/lat\/#organization\",\"name\":\"EPCG Solar gradnja\",\"url\":\"https:\/\/epcg-sg.com\/lat\/\",\"logo\":{\"@type\":\"ImageObject\",\"inLanguage\":\"lat\",\"@id\":\"https:\/\/epcg-sg.com\/lat\/#\/schema\/logo\/image\/\",\"url\":\"\",\"contentUrl\":\"\",\"caption\":\"EPCG Solar gradnja\"},\"image\":{\"@id\":\"https:\/\/epcg-sg.com\/lat\/#\/schema\/logo\/image\/\"},\"sameAs\":[\"https:\/\/www.facebook.com\/solargradnjaofficialpage\",\"https:\/\/x.com\/EpcgSolar\"]},{\"@type\":\"Person\",\"@id\":\"https:\/\/epcg-sg.com\/lat\/#\/schema\/person\/ab3ed7d89cd132bf05a984825ae8b480\",\"name\":\"andrija\",\"sameAs\":[\"https:\/\/epcg-sg.com\"]}]}<\/script>\n<!-- \/ Yoast SEO plugin. -->","yoast_head_json":{"title":"Autorski tekst predsjednika Odbora direktora EPCG: Perspektive proizvodnje elektri\u010dne energije iz solarnih elektrana (SE) u kontekstu projekta Solari 3000+ i 500+ | Solar gradnja","description":"Kada se sve uzme u obzir zaklju\u010dak ne treba posebno izvoditi, ve\u0107 raditi na otklanjanju uo\u010denih problema i u\u017eurbano raditi na nastavku ovog projekta kroz projekte Solari 5.000+ (70 MW) i Solari 10.000+ (100 MW).","robots":{"index":"index","follow":"follow","max-snippet":"max-snippet:-1","max-image-preview":"max-image-preview:large","max-video-preview":"max-video-preview:-1"},"canonical":"https:\/\/epcg-sg.com\/lat\/autorski-tekst-predsjednika-odbora-direktora-epcg-perspektive-proizvodnje-elektricne-energije-iz-solarnih-elektrana-se-u-kontekstu-projekta-solari-3000-i-500\/","og_locale":"en_US","og_type":"article","og_title":"Autorski tekst predsjednika Odbora direktora EPCG: Perspektive proizvodnje elektri\u010dne energije iz solarnih elektrana (SE) u kontekstu projekta Solari 3000+ i 500+ | Solar gradnja","og_description":"Kada se sve uzme u obzir zaklju\u010dak ne treba posebno izvoditi, ve\u0107 raditi na otklanjanju uo\u010denih problema i u\u017eurbano raditi na nastavku ovog projekta kroz projekte Solari 5.000+ (70 MW) i Solari 10.000+ (100 MW).","og_url":"https:\/\/epcg-sg.com\/lat\/autorski-tekst-predsjednika-odbora-direktora-epcg-perspektive-proizvodnje-elektricne-energije-iz-solarnih-elektrana-se-u-kontekstu-projekta-solari-3000-i-500\/","og_site_name":"Solar gradnja","article_publisher":"https:\/\/www.facebook.com\/solargradnjaofficialpage","article_published_time":"2023-07-26T09:56:30+00:00","article_modified_time":"2024-02-12T07:35:12+00:00","og_image":[{"width":1280,"height":861,"url":"https:\/\/epcg-sg.com\/wp-content\/uploads\/2023\/07\/milutin-djukanovic.jpg","type":"image\/jpeg"}],"author":"andrija","twitter_card":"summary_large_image","twitter_creator":"@EpcgSolar","twitter_site":"@EpcgSolar","schema":{"@context":"https:\/\/schema.org","@graph":[{"@type":"Article","@id":"https:\/\/epcg-sg.com\/lat\/autorski-tekst-predsjednika-odbora-direktora-epcg-perspektive-proizvodnje-elektricne-energije-iz-solarnih-elektrana-se-u-kontekstu-projekta-solari-3000-i-500\/#article","isPartOf":{"@id":"https:\/\/epcg-sg.com\/lat\/autorski-tekst-predsjednika-odbora-direktora-epcg-perspektive-proizvodnje-elektricne-energije-iz-solarnih-elektrana-se-u-kontekstu-projekta-solari-3000-i-500\/"},"author":{"name":"andrija","@id":"https:\/\/epcg-sg.com\/lat\/#\/schema\/person\/ab3ed7d89cd132bf05a984825ae8b480"},"headline":"Autorski tekst predsjednika Odbora direktora EPCG: Perspektive proizvodnje elektri\u010dne energije iz solarnih elektrana (SE) u kontekstu projekta Solari 3000+ i 500+","datePublished":"2023-07-26T09:56:30+00:00","dateModified":"2024-02-12T07:35:12+00:00","mainEntityOfPage":{"@id":"https:\/\/epcg-sg.com\/lat\/autorski-tekst-predsjednika-odbora-direktora-epcg-perspektive-proizvodnje-elektricne-energije-iz-solarnih-elektrana-se-u-kontekstu-projekta-solari-3000-i-500\/"},"wordCount":2133,"publisher":{"@id":"https:\/\/epcg-sg.com\/lat\/#organization"},"image":{"@id":"https:\/\/epcg-sg.com\/lat\/autorski-tekst-predsjednika-odbora-direktora-epcg-perspektive-proizvodnje-elektricne-energije-iz-solarnih-elektrana-se-u-kontekstu-projekta-solari-3000-i-500\/#primaryimage"},"thumbnailUrl":"https:\/\/epcg-sg.com\/wp-content\/uploads\/2023\/07\/milutin-djukanovic.jpg","articleSection":["Vijesti"],"inLanguage":"lat"},{"@type":"WebPage","@id":"https:\/\/epcg-sg.com\/lat\/autorski-tekst-predsjednika-odbora-direktora-epcg-perspektive-proizvodnje-elektricne-energije-iz-solarnih-elektrana-se-u-kontekstu-projekta-solari-3000-i-500\/","url":"https:\/\/epcg-sg.com\/lat\/autorski-tekst-predsjednika-odbora-direktora-epcg-perspektive-proizvodnje-elektricne-energije-iz-solarnih-elektrana-se-u-kontekstu-projekta-solari-3000-i-500\/","name":"Autorski tekst predsjednika Odbora direktora EPCG: Perspektive proizvodnje elektri\u010dne energije iz solarnih elektrana (SE) u kontekstu projekta Solari 3000+ i 500+ | Solar gradnja","isPartOf":{"@id":"https:\/\/epcg-sg.com\/lat\/#website"},"primaryImageOfPage":{"@id":"https:\/\/epcg-sg.com\/lat\/autorski-tekst-predsjednika-odbora-direktora-epcg-perspektive-proizvodnje-elektricne-energije-iz-solarnih-elektrana-se-u-kontekstu-projekta-solari-3000-i-500\/#primaryimage"},"image":{"@id":"https:\/\/epcg-sg.com\/lat\/autorski-tekst-predsjednika-odbora-direktora-epcg-perspektive-proizvodnje-elektricne-energije-iz-solarnih-elektrana-se-u-kontekstu-projekta-solari-3000-i-500\/#primaryimage"},"thumbnailUrl":"https:\/\/epcg-sg.com\/wp-content\/uploads\/2023\/07\/milutin-djukanovic.jpg","datePublished":"2023-07-26T09:56:30+00:00","dateModified":"2024-02-12T07:35:12+00:00","description":"Kada se sve uzme u obzir zaklju\u010dak ne treba posebno izvoditi, ve\u0107 raditi na otklanjanju uo\u010denih problema i u\u017eurbano raditi na nastavku ovog projekta kroz projekte Solari 5.000+ (70 MW) i Solari 10.000+ (100 MW).","breadcrumb":{"@id":"https:\/\/epcg-sg.com\/lat\/autorski-tekst-predsjednika-odbora-direktora-epcg-perspektive-proizvodnje-elektricne-energije-iz-solarnih-elektrana-se-u-kontekstu-projekta-solari-3000-i-500\/#breadcrumb"},"inLanguage":"lat","potentialAction":[{"@type":"ReadAction","target":["https:\/\/epcg-sg.com\/lat\/autorski-tekst-predsjednika-odbora-direktora-epcg-perspektive-proizvodnje-elektricne-energije-iz-solarnih-elektrana-se-u-kontekstu-projekta-solari-3000-i-500\/"]}]},{"@type":"ImageObject","inLanguage":"lat","@id":"https:\/\/epcg-sg.com\/lat\/autorski-tekst-predsjednika-odbora-direktora-epcg-perspektive-proizvodnje-elektricne-energije-iz-solarnih-elektrana-se-u-kontekstu-projekta-solari-3000-i-500\/#primaryimage","url":"https:\/\/epcg-sg.com\/wp-content\/uploads\/2023\/07\/milutin-djukanovic.jpg","contentUrl":"https:\/\/epcg-sg.com\/wp-content\/uploads\/2023\/07\/milutin-djukanovic.jpg","width":1280,"height":861},{"@type":"BreadcrumbList","@id":"https:\/\/epcg-sg.com\/lat\/autorski-tekst-predsjednika-odbora-direktora-epcg-perspektive-proizvodnje-elektricne-energije-iz-solarnih-elektrana-se-u-kontekstu-projekta-solari-3000-i-500\/#breadcrumb","itemListElement":[{"@type":"ListItem","position":1,"name":"PO\u010cETNA","item":"https:\/\/epcg-sg.com\/lat\/"},{"@type":"ListItem","position":2,"name":"Autorski tekst predsjednika Odbora direktora EPCG: Perspektive proizvodnje elektri\u010dne energije iz solarnih elektrana (SE) u kontekstu projekta Solari 3000+ i 500+"}]},{"@type":"WebSite","@id":"https:\/\/epcg-sg.com\/lat\/#website","url":"https:\/\/epcg-sg.com\/lat\/","name":"\u0415\u041f\u0426\u0413 \u0421\u043e\u043b\u0430\u0440 \u0433\u0440\u0430\u0434\u045a\u0430","description":"Elektroprivreda Crne Gore","publisher":{"@id":"https:\/\/epcg-sg.com\/lat\/#organization"},"potentialAction":[{"@type":"SearchAction","target":{"@type":"EntryPoint","urlTemplate":"https:\/\/epcg-sg.com\/lat\/?s={search_term_string}"},"query-input":{"@type":"PropertyValueSpecification","valueRequired":true,"valueName":"search_term_string"}}],"inLanguage":"lat"},{"@type":"Organization","@id":"https:\/\/epcg-sg.com\/lat\/#organization","name":"EPCG Solar gradnja","url":"https:\/\/epcg-sg.com\/lat\/","logo":{"@type":"ImageObject","inLanguage":"lat","@id":"https:\/\/epcg-sg.com\/lat\/#\/schema\/logo\/image\/","url":"","contentUrl":"","caption":"EPCG Solar gradnja"},"image":{"@id":"https:\/\/epcg-sg.com\/lat\/#\/schema\/logo\/image\/"},"sameAs":["https:\/\/www.facebook.com\/solargradnjaofficialpage","https:\/\/x.com\/EpcgSolar"]},{"@type":"Person","@id":"https:\/\/epcg-sg.com\/lat\/#\/schema\/person\/ab3ed7d89cd132bf05a984825ae8b480","name":"andrija","sameAs":["https:\/\/epcg-sg.com"]}]}},"_links":{"self":[{"href":"https:\/\/epcg-sg.com\/lat\/wp-json\/wp\/v2\/posts\/2544","targetHints":{"allow":["GET"]}}],"collection":[{"href":"https:\/\/epcg-sg.com\/lat\/wp-json\/wp\/v2\/posts"}],"about":[{"href":"https:\/\/epcg-sg.com\/lat\/wp-json\/wp\/v2\/types\/post"}],"author":[{"embeddable":true,"href":"https:\/\/epcg-sg.com\/lat\/wp-json\/wp\/v2\/users\/1"}],"replies":[{"embeddable":true,"href":"https:\/\/epcg-sg.com\/lat\/wp-json\/wp\/v2\/comments?post=2544"}],"version-history":[{"count":1,"href":"https:\/\/epcg-sg.com\/lat\/wp-json\/wp\/v2\/posts\/2544\/revisions"}],"predecessor-version":[{"id":2545,"href":"https:\/\/epcg-sg.com\/lat\/wp-json\/wp\/v2\/posts\/2544\/revisions\/2545"}],"wp:featuredmedia":[{"embeddable":true,"href":"https:\/\/epcg-sg.com\/lat\/wp-json\/wp\/v2\/media\/2531"}],"wp:attachment":[{"href":"https:\/\/epcg-sg.com\/lat\/wp-json\/wp\/v2\/media?parent=2544"}],"wp:term":[{"taxonomy":"category","embeddable":true,"href":"https:\/\/epcg-sg.com\/lat\/wp-json\/wp\/v2\/categories?post=2544"},{"taxonomy":"post_tag","embeddable":true,"href":"https:\/\/epcg-sg.com\/lat\/wp-json\/wp\/v2\/tags?post=2544"}],"curies":[{"name":"wp","href":"https:\/\/api.w.org\/{rel}","templated":true}]}}