{"id":2010,"date":"2022-11-07T15:16:26","date_gmt":"2022-11-07T13:16:26","guid":{"rendered":"https:\/\/epcg-sg.com\/potpisan-sporazum-izmedu-epcg-i-ugt-renewables\/"},"modified":"2024-02-12T09:36:39","modified_gmt":"2024-02-12T07:36:39","slug":"potpisan-sporazum-izmedu-epcg-i-ugt-renewables","status":"publish","type":"post","link":"https:\/\/epcg-sg.com\/lat\/potpisan-sporazum-izmedu-epcg-i-ugt-renewables\/","title":{"rendered":"Potpisan sporazum izme\u0111u EPCG i UGT Renewables"},"content":{"rendered":"\t\t<div data-elementor-type=\"wp-post\" data-elementor-id=\"2010\" class=\"elementor elementor-2010 elementor-1995\" data-elementor-post-type=\"post\">\n\t\t\t\t\t\t<section class=\"elementor-section elementor-top-section elementor-element elementor-element-de2197b elementor-section-boxed elementor-section-height-default elementor-section-height-default\" data-id=\"de2197b\" data-element_type=\"section\" data-e-type=\"section\" data-settings=\"{&quot;jet_parallax_layout_list&quot;:[]}\">\n\t\t\t\t\t\t<div class=\"elementor-container elementor-column-gap-default\">\n\t\t\t\t\t<div class=\"elementor-column elementor-col-100 elementor-top-column elementor-element elementor-element-f094763\" data-id=\"f094763\" data-element_type=\"column\" data-e-type=\"column\">\n\t\t\t<div class=\"elementor-widget-wrap elementor-element-populated\">\n\t\t\t\t\t\t<div class=\"elementor-element elementor-element-b3942a6 elementor-widget elementor-widget-text-editor\" data-id=\"b3942a6\" data-element_type=\"widget\" data-e-type=\"widget\" data-widget_type=\"text-editor.default\">\n\t\t\t\t<div class=\"elementor-widget-container\">\n\t\t\t\t\t\t\t\t\t<p>\u0110ukanovi\u0107 je kazao da je na taj na\u010din uspostavljena strate\u0161ka saradnja koja za EPCG predstavlja veliki iskorak.<\/p>\n\t\t\t\t\t\t\t\t<\/div>\n\t\t\t\t<\/div>\n\t\t\t\t<div class=\"elementor-element elementor-element-413df4a elementor-widget elementor-widget-image\" data-id=\"413df4a\" data-element_type=\"widget\" data-e-type=\"widget\" data-widget_type=\"image.default\">\n\t\t\t\t<div class=\"elementor-widget-container\">\n\t\t\t\t\t\t\t\t\t\t\t\t\t\t\t<img fetchpriority=\"high\" decoding=\"async\" width=\"800\" height=\"534\" src=\"https:\/\/epcg-sg.com\/wp-content\/uploads\/2022\/11\/2-1024x683.jpg\" class=\"attachment-large size-large wp-image-1999\" alt=\"\" srcset=\"https:\/\/epcg-sg.com\/wp-content\/uploads\/2022\/11\/2-1024x683.jpg 1024w, https:\/\/epcg-sg.com\/wp-content\/uploads\/2022\/11\/2-300x200.jpg 300w, https:\/\/epcg-sg.com\/wp-content\/uploads\/2022\/11\/2-768x512.jpg 768w, https:\/\/epcg-sg.com\/wp-content\/uploads\/2022\/11\/2-1536x1024.jpg 1536w, https:\/\/epcg-sg.com\/wp-content\/uploads\/2022\/11\/2.jpg 2048w\" sizes=\"(max-width: 800px) 100vw, 800px\" \/>\t\t\t\t\t\t\t\t\t\t\t\t\t\t\t<\/div>\n\t\t\t\t<\/div>\n\t\t\t\t<div class=\"elementor-element elementor-element-8ae6b69 elementor-widget elementor-widget-text-editor\" data-id=\"8ae6b69\" data-element_type=\"widget\" data-e-type=\"widget\" data-widget_type=\"text-editor.default\">\n\t\t\t\t<div class=\"elementor-widget-container\">\n\t\t\t\t\t\t\t\t\t<p>&#8220;Jo\u0161 pro\u0161le godine smo kroz projekat Solari 3000+ najavili veliki investicioni ciklus. Obu\u010dili smo 300 montera i cilj nam je da se taj proces nastavi, jer tako stimuli\u0161emo zapo\u0161ljavanje i rast privrede. Danas sa neskrivenim zadovoljstvom mo\u017eemo re\u0107i da je u planu pro\u0161irenje postoje\u0107eg projekta na Solari 5000+ . Ideja je da EPCG transformi\u0161emo u kompaniju koja \u0107e znati da iskoristi solarne, hidro i vjetro potencijale Crne Gore. Jasno je da je solar pobjednik energetske tranzicije\u2019\u2019, poru\u010dio je \u0110ukanovi\u0107.<\/p>\n\t\t\t\t\t\t\t\t<\/div>\n\t\t\t\t<\/div>\n\t\t\t\t<div class=\"elementor-element elementor-element-222d432 elementor-widget elementor-widget-image\" data-id=\"222d432\" data-element_type=\"widget\" data-e-type=\"widget\" data-widget_type=\"image.default\">\n\t\t\t\t<div class=\"elementor-widget-container\">\n\t\t\t\t\t\t\t\t\t\t\t\t\t\t\t<img decoding=\"async\" width=\"800\" height=\"534\" src=\"https:\/\/epcg-sg.com\/wp-content\/uploads\/2022\/11\/3-1024x683.jpg\" class=\"attachment-large size-large wp-image-2001\" alt=\"\" srcset=\"https:\/\/epcg-sg.com\/wp-content\/uploads\/2022\/11\/3-1024x683.jpg 1024w, https:\/\/epcg-sg.com\/wp-content\/uploads\/2022\/11\/3-300x200.jpg 300w, https:\/\/epcg-sg.com\/wp-content\/uploads\/2022\/11\/3-768x512.jpg 768w, https:\/\/epcg-sg.com\/wp-content\/uploads\/2022\/11\/3-1536x1025.jpg 1536w, https:\/\/epcg-sg.com\/wp-content\/uploads\/2022\/11\/3.jpg 2048w\" sizes=\"(max-width: 800px) 100vw, 800px\" \/>\t\t\t\t\t\t\t\t\t\t\t\t\t\t\t<\/div>\n\t\t\t\t<\/div>\n\t\t\t\t<div class=\"elementor-element elementor-element-568cbc1 elementor-widget elementor-widget-text-editor\" data-id=\"568cbc1\" data-element_type=\"widget\" data-e-type=\"widget\" data-widget_type=\"text-editor.default\">\n\t\t\t\t<div class=\"elementor-widget-container\">\n\t\t\t\t\t\t\t\t\t<p>Istovremeno, kompanija UGT Renewables potpisala je ugovor s Hyundai Engineering-om, kojim ta dva giganta nastavljaju saradnju i u na\u0161oj zemlji.<\/p>\n<p>Izvr\u0161ni direktor kompanije &#8220;UGT Renewables&#8221; govorio je o viziji koju ta kompanija, kao najve\u0107i ameri\u010dki privrednik u oblasti solarne energije, u saradnji s Hyundai Engineering-om, sprovodi u Evropi i Aziji.<\/p>\n\t\t\t\t\t\t\t\t<\/div>\n\t\t\t\t<\/div>\n\t\t\t\t<div class=\"elementor-element elementor-element-d8614e6 elementor-widget elementor-widget-image\" data-id=\"d8614e6\" data-element_type=\"widget\" data-e-type=\"widget\" data-widget_type=\"image.default\">\n\t\t\t\t<div class=\"elementor-widget-container\">\n\t\t\t\t\t\t\t\t\t\t\t\t\t\t\t<img decoding=\"async\" width=\"800\" height=\"534\" src=\"https:\/\/epcg-sg.com\/wp-content\/uploads\/2022\/11\/4-1024x683.jpg\" class=\"attachment-large size-large wp-image-2003\" alt=\"\" srcset=\"https:\/\/epcg-sg.com\/wp-content\/uploads\/2022\/11\/4-1024x683.jpg 1024w, https:\/\/epcg-sg.com\/wp-content\/uploads\/2022\/11\/4-300x200.jpg 300w, https:\/\/epcg-sg.com\/wp-content\/uploads\/2022\/11\/4-768x512.jpg 768w, https:\/\/epcg-sg.com\/wp-content\/uploads\/2022\/11\/4-1536x1025.jpg 1536w, https:\/\/epcg-sg.com\/wp-content\/uploads\/2022\/11\/4.jpg 2048w\" sizes=\"(max-width: 800px) 100vw, 800px\" \/>\t\t\t\t\t\t\t\t\t\t\t\t\t\t\t<\/div>\n\t\t\t\t<\/div>\n\t\t\t\t<div class=\"elementor-element elementor-element-3d280cb elementor-widget elementor-widget-text-editor\" data-id=\"3d280cb\" data-element_type=\"widget\" data-e-type=\"widget\" data-widget_type=\"text-editor.default\">\n\t\t\t\t<div class=\"elementor-widget-container\">\n\t\t\t\t\t\t\t\t\t<p>\u201cUGT Renewables snosi sve po\u010detne rizike i tro\u0161kove tokom razvoja projekta, uz zajedni\u010dko definisanje finansijske strukture koja lokalnim partnerima omogu\u0107ava ulaganje u sebe i vlastitu infrastrukturu zelene energije. Definisali smo glavne ciljeve. Prije svega, to je unapre\u0111enje energetske nezavisnosti Crne Gore, proizvodnja nove i \u010diste energije po pristupa\u010dnoj cijeni i pro\u0161irenje kapaciteta, kako bi se Crna Gora okrenula ka stoprocentnoj proizvodnji elekti\u010dne energije\u201d, kazao je Korteze.<\/p>\n\t\t\t\t\t\t\t\t<\/div>\n\t\t\t\t<\/div>\n\t\t\t\t<div class=\"elementor-element elementor-element-84ca57e elementor-widget elementor-widget-image\" data-id=\"84ca57e\" data-element_type=\"widget\" data-e-type=\"widget\" data-widget_type=\"image.default\">\n\t\t\t\t<div class=\"elementor-widget-container\">\n\t\t\t\t\t\t\t\t\t\t\t\t\t\t\t<img loading=\"lazy\" decoding=\"async\" width=\"800\" height=\"534\" src=\"https:\/\/epcg-sg.com\/wp-content\/uploads\/2022\/11\/5-1024x683.jpg\" class=\"attachment-large size-large wp-image-2005\" alt=\"\" srcset=\"https:\/\/epcg-sg.com\/wp-content\/uploads\/2022\/11\/5-1024x683.jpg 1024w, https:\/\/epcg-sg.com\/wp-content\/uploads\/2022\/11\/5-300x200.jpg 300w, https:\/\/epcg-sg.com\/wp-content\/uploads\/2022\/11\/5-768x512.jpg 768w, https:\/\/epcg-sg.com\/wp-content\/uploads\/2022\/11\/5-1536x1024.jpg 1536w, https:\/\/epcg-sg.com\/wp-content\/uploads\/2022\/11\/5.jpg 2048w\" sizes=\"(max-width: 800px) 100vw, 800px\" \/>\t\t\t\t\t\t\t\t\t\t\t\t\t\t\t<\/div>\n\t\t\t\t<\/div>\n\t\t\t\t<div class=\"elementor-element elementor-element-fc29e04 elementor-widget elementor-widget-text-editor\" data-id=\"fc29e04\" data-element_type=\"widget\" data-e-type=\"widget\" data-widget_type=\"text-editor.default\">\n\t\t\t\t<div class=\"elementor-widget-container\">\n\t\t\t\t\t\t\t\t\t<p>Sve\u010danom potpisivanju sporazuma prisustvovali su premijer Dritan Abazovi\u0107, ambasadorka SAD u Crnoj Gori D\u017eudi Rajzing Rajnke, predstavnik kompanije &#8220;Hyundai Engineering&#8221; Sang-Min Park i brojni drugi gosti.<\/p>\n\t\t\t\t\t\t\t\t<\/div>\n\t\t\t\t<\/div>\n\t\t\t\t\t<\/div>\n\t\t<\/div>\n\t\t\t\t\t<\/div>\n\t\t<\/section>\n\t\t\t\t<\/div>\n\t\t","protected":false},"excerpt":{"rendered":"<p>Izvr\u0161ni direktor kompanije &#8220;UGT Renewables&#8221; Adam Korteze i predsjednik Odbora direktora EPCG Milutin \u0110ukanovi\u0107 potpisali su sporazum o zajedni\u010dkom razvoju projekata u oblasti proizvodnje iz obnovljivih izvora &#8211; s fokusom na izgradnju solarnih elektrana i postrojenja za skladi\u0161tenje elektri\u010dne energije.<\/p>\n","protected":false},"author":1,"featured_media":1997,"comment_status":"closed","ping_status":"closed","sticky":false,"template":"","format":"standard","meta":{"footnotes":""},"categories":[19],"tags":[],"class_list":["post-2010","post","type-post","status-publish","format-standard","has-post-thumbnail","hentry","category-kategorija-vijesti-lat"],"yoast_head":"<!-- This site is optimized with the Yoast SEO plugin v27.2 - https:\/\/yoast.com\/product\/yoast-seo-wordpress\/ -->\n<title>Potpisan sporazum izme\u0111u EPCG i UGT Renewables<\/title>\n<meta name=\"description\" content=\"Izvr\u0161ni direktor kompanije &quot;UGT Renewables&quot; Adam Korteze i predsjednik Odbora direktora EPCG Milutin \u0110ukanovi\u0107 potpisali su sporazum o zajedni\u010dkom razvoju projekata u oblasti proizvodnje iz obnovljivih izvora - s fokusom na izgradnju solarnih elektrana i postrojenja za skladi\u0161tenje elektri\u010dne energije.\" \/>\n<meta name=\"robots\" content=\"index, follow, max-snippet:-1, max-image-preview:large, max-video-preview:-1\" \/>\n<link rel=\"canonical\" href=\"https:\/\/epcg-sg.com\/lat\/potpisan-sporazum-izmedu-epcg-i-ugt-renewables\/\" \/>\n<meta property=\"og:locale\" content=\"en_US\" \/>\n<meta property=\"og:type\" content=\"article\" \/>\n<meta property=\"og:title\" content=\"Potpisan sporazum izme\u0111u EPCG i UGT Renewables\" \/>\n<meta property=\"og:description\" content=\"Izvr\u0161ni direktor kompanije &quot;UGT Renewables&quot; Adam Korteze i predsjednik Odbora direktora EPCG Milutin \u0110ukanovi\u0107 potpisali su sporazum o zajedni\u010dkom razvoju projekata u oblasti proizvodnje iz obnovljivih izvora - s fokusom na izgradnju solarnih elektrana i postrojenja za skladi\u0161tenje elektri\u010dne energije.\" \/>\n<meta property=\"og:url\" content=\"https:\/\/epcg-sg.com\/lat\/potpisan-sporazum-izmedu-epcg-i-ugt-renewables\/\" \/>\n<meta property=\"og:site_name\" content=\"Solar gradnja\" \/>\n<meta property=\"article:publisher\" content=\"https:\/\/www.facebook.com\/solargradnjaofficialpage\" \/>\n<meta property=\"article:published_time\" content=\"2022-11-07T13:16:26+00:00\" \/>\n<meta property=\"article:modified_time\" content=\"2024-02-12T07:36:39+00:00\" \/>\n<meta property=\"og:image\" content=\"https:\/\/epcg-sg.com\/wp-content\/uploads\/2022\/11\/1.jpg\" \/>\n\t<meta property=\"og:image:width\" content=\"2048\" \/>\n\t<meta property=\"og:image:height\" content=\"1366\" \/>\n\t<meta property=\"og:image:type\" content=\"image\/jpeg\" \/>\n<meta name=\"author\" content=\"andrija\" \/>\n<meta name=\"twitter:card\" content=\"summary_large_image\" \/>\n<meta name=\"twitter:creator\" content=\"@EpcgSolar\" \/>\n<meta name=\"twitter:site\" content=\"@EpcgSolar\" \/>\n<script type=\"application\/ld+json\" class=\"yoast-schema-graph\">{\"@context\":\"https:\/\/schema.org\",\"@graph\":[{\"@type\":\"Article\",\"@id\":\"https:\/\/epcg-sg.com\/lat\/potpisan-sporazum-izmedu-epcg-i-ugt-renewables\/#article\",\"isPartOf\":{\"@id\":\"https:\/\/epcg-sg.com\/lat\/potpisan-sporazum-izmedu-epcg-i-ugt-renewables\/\"},\"author\":{\"name\":\"andrija\",\"@id\":\"https:\/\/epcg-sg.com\/lat\/#\/schema\/person\/ab3ed7d89cd132bf05a984825ae8b480\"},\"headline\":\"Potpisan sporazum izme\u0111u EPCG i UGT Renewables\",\"datePublished\":\"2022-11-07T13:16:26+00:00\",\"dateModified\":\"2024-02-12T07:36:39+00:00\",\"mainEntityOfPage\":{\"@id\":\"https:\/\/epcg-sg.com\/lat\/potpisan-sporazum-izmedu-epcg-i-ugt-renewables\/\"},\"wordCount\":268,\"publisher\":{\"@id\":\"https:\/\/epcg-sg.com\/lat\/#organization\"},\"image\":{\"@id\":\"https:\/\/epcg-sg.com\/lat\/potpisan-sporazum-izmedu-epcg-i-ugt-renewables\/#primaryimage\"},\"thumbnailUrl\":\"https:\/\/epcg-sg.com\/wp-content\/uploads\/2022\/11\/1.jpg\",\"articleSection\":[\"Vijesti\"],\"inLanguage\":\"lat\"},{\"@type\":\"WebPage\",\"@id\":\"https:\/\/epcg-sg.com\/lat\/potpisan-sporazum-izmedu-epcg-i-ugt-renewables\/\",\"url\":\"https:\/\/epcg-sg.com\/lat\/potpisan-sporazum-izmedu-epcg-i-ugt-renewables\/\",\"name\":\"Potpisan sporazum izme\u0111u EPCG i UGT Renewables\",\"isPartOf\":{\"@id\":\"https:\/\/epcg-sg.com\/lat\/#website\"},\"primaryImageOfPage\":{\"@id\":\"https:\/\/epcg-sg.com\/lat\/potpisan-sporazum-izmedu-epcg-i-ugt-renewables\/#primaryimage\"},\"image\":{\"@id\":\"https:\/\/epcg-sg.com\/lat\/potpisan-sporazum-izmedu-epcg-i-ugt-renewables\/#primaryimage\"},\"thumbnailUrl\":\"https:\/\/epcg-sg.com\/wp-content\/uploads\/2022\/11\/1.jpg\",\"datePublished\":\"2022-11-07T13:16:26+00:00\",\"dateModified\":\"2024-02-12T07:36:39+00:00\",\"description\":\"Izvr\u0161ni direktor kompanije \\\"UGT Renewables\\\" Adam Korteze i predsjednik Odbora direktora EPCG Milutin \u0110ukanovi\u0107 potpisali su sporazum o zajedni\u010dkom razvoju projekata u oblasti proizvodnje iz obnovljivih izvora - s fokusom na izgradnju solarnih elektrana i postrojenja za skladi\u0161tenje elektri\u010dne energije.\",\"breadcrumb\":{\"@id\":\"https:\/\/epcg-sg.com\/lat\/potpisan-sporazum-izmedu-epcg-i-ugt-renewables\/#breadcrumb\"},\"inLanguage\":\"lat\",\"potentialAction\":[{\"@type\":\"ReadAction\",\"target\":[\"https:\/\/epcg-sg.com\/lat\/potpisan-sporazum-izmedu-epcg-i-ugt-renewables\/\"]}]},{\"@type\":\"ImageObject\",\"inLanguage\":\"lat\",\"@id\":\"https:\/\/epcg-sg.com\/lat\/potpisan-sporazum-izmedu-epcg-i-ugt-renewables\/#primaryimage\",\"url\":\"https:\/\/epcg-sg.com\/wp-content\/uploads\/2022\/11\/1.jpg\",\"contentUrl\":\"https:\/\/epcg-sg.com\/wp-content\/uploads\/2022\/11\/1.jpg\",\"width\":2048,\"height\":1366},{\"@type\":\"BreadcrumbList\",\"@id\":\"https:\/\/epcg-sg.com\/lat\/potpisan-sporazum-izmedu-epcg-i-ugt-renewables\/#breadcrumb\",\"itemListElement\":[{\"@type\":\"ListItem\",\"position\":1,\"name\":\"PO\u010cETNA\",\"item\":\"https:\/\/epcg-sg.com\/lat\/\"},{\"@type\":\"ListItem\",\"position\":2,\"name\":\"Potpisan sporazum izme\u0111u EPCG i UGT Renewables\"}]},{\"@type\":\"WebSite\",\"@id\":\"https:\/\/epcg-sg.com\/lat\/#website\",\"url\":\"https:\/\/epcg-sg.com\/lat\/\",\"name\":\"\u0415\u041f\u0426\u0413 \u0421\u043e\u043b\u0430\u0440 \u0433\u0440\u0430\u0434\u045a\u0430\",\"description\":\"Elektroprivreda Crne Gore\",\"publisher\":{\"@id\":\"https:\/\/epcg-sg.com\/lat\/#organization\"},\"potentialAction\":[{\"@type\":\"SearchAction\",\"target\":{\"@type\":\"EntryPoint\",\"urlTemplate\":\"https:\/\/epcg-sg.com\/lat\/?s={search_term_string}\"},\"query-input\":{\"@type\":\"PropertyValueSpecification\",\"valueRequired\":true,\"valueName\":\"search_term_string\"}}],\"inLanguage\":\"lat\"},{\"@type\":\"Organization\",\"@id\":\"https:\/\/epcg-sg.com\/lat\/#organization\",\"name\":\"EPCG Solar gradnja\",\"url\":\"https:\/\/epcg-sg.com\/lat\/\",\"logo\":{\"@type\":\"ImageObject\",\"inLanguage\":\"lat\",\"@id\":\"https:\/\/epcg-sg.com\/lat\/#\/schema\/logo\/image\/\",\"url\":\"\",\"contentUrl\":\"\",\"caption\":\"EPCG Solar gradnja\"},\"image\":{\"@id\":\"https:\/\/epcg-sg.com\/lat\/#\/schema\/logo\/image\/\"},\"sameAs\":[\"https:\/\/www.facebook.com\/solargradnjaofficialpage\",\"https:\/\/x.com\/EpcgSolar\"]},{\"@type\":\"Person\",\"@id\":\"https:\/\/epcg-sg.com\/lat\/#\/schema\/person\/ab3ed7d89cd132bf05a984825ae8b480\",\"name\":\"andrija\",\"sameAs\":[\"https:\/\/epcg-sg.com\"]}]}<\/script>\n<!-- \/ Yoast SEO plugin. -->","yoast_head_json":{"title":"Potpisan sporazum izme\u0111u EPCG i UGT Renewables","description":"Izvr\u0161ni direktor kompanije \"UGT Renewables\" Adam Korteze i predsjednik Odbora direktora EPCG Milutin \u0110ukanovi\u0107 potpisali su sporazum o zajedni\u010dkom razvoju projekata u oblasti proizvodnje iz obnovljivih izvora - s fokusom na izgradnju solarnih elektrana i postrojenja za skladi\u0161tenje elektri\u010dne energije.","robots":{"index":"index","follow":"follow","max-snippet":"max-snippet:-1","max-image-preview":"max-image-preview:large","max-video-preview":"max-video-preview:-1"},"canonical":"https:\/\/epcg-sg.com\/lat\/potpisan-sporazum-izmedu-epcg-i-ugt-renewables\/","og_locale":"en_US","og_type":"article","og_title":"Potpisan sporazum izme\u0111u EPCG i UGT Renewables","og_description":"Izvr\u0161ni direktor kompanije \"UGT Renewables\" Adam Korteze i predsjednik Odbora direktora EPCG Milutin \u0110ukanovi\u0107 potpisali su sporazum o zajedni\u010dkom razvoju projekata u oblasti proizvodnje iz obnovljivih izvora - s fokusom na izgradnju solarnih elektrana i postrojenja za skladi\u0161tenje elektri\u010dne energije.","og_url":"https:\/\/epcg-sg.com\/lat\/potpisan-sporazum-izmedu-epcg-i-ugt-renewables\/","og_site_name":"Solar gradnja","article_publisher":"https:\/\/www.facebook.com\/solargradnjaofficialpage","article_published_time":"2022-11-07T13:16:26+00:00","article_modified_time":"2024-02-12T07:36:39+00:00","og_image":[{"width":2048,"height":1366,"url":"https:\/\/epcg-sg.com\/wp-content\/uploads\/2022\/11\/1.jpg","type":"image\/jpeg"}],"author":"andrija","twitter_card":"summary_large_image","twitter_creator":"@EpcgSolar","twitter_site":"@EpcgSolar","schema":{"@context":"https:\/\/schema.org","@graph":[{"@type":"Article","@id":"https:\/\/epcg-sg.com\/lat\/potpisan-sporazum-izmedu-epcg-i-ugt-renewables\/#article","isPartOf":{"@id":"https:\/\/epcg-sg.com\/lat\/potpisan-sporazum-izmedu-epcg-i-ugt-renewables\/"},"author":{"name":"andrija","@id":"https:\/\/epcg-sg.com\/lat\/#\/schema\/person\/ab3ed7d89cd132bf05a984825ae8b480"},"headline":"Potpisan sporazum izme\u0111u EPCG i UGT Renewables","datePublished":"2022-11-07T13:16:26+00:00","dateModified":"2024-02-12T07:36:39+00:00","mainEntityOfPage":{"@id":"https:\/\/epcg-sg.com\/lat\/potpisan-sporazum-izmedu-epcg-i-ugt-renewables\/"},"wordCount":268,"publisher":{"@id":"https:\/\/epcg-sg.com\/lat\/#organization"},"image":{"@id":"https:\/\/epcg-sg.com\/lat\/potpisan-sporazum-izmedu-epcg-i-ugt-renewables\/#primaryimage"},"thumbnailUrl":"https:\/\/epcg-sg.com\/wp-content\/uploads\/2022\/11\/1.jpg","articleSection":["Vijesti"],"inLanguage":"lat"},{"@type":"WebPage","@id":"https:\/\/epcg-sg.com\/lat\/potpisan-sporazum-izmedu-epcg-i-ugt-renewables\/","url":"https:\/\/epcg-sg.com\/lat\/potpisan-sporazum-izmedu-epcg-i-ugt-renewables\/","name":"Potpisan sporazum izme\u0111u EPCG i UGT Renewables","isPartOf":{"@id":"https:\/\/epcg-sg.com\/lat\/#website"},"primaryImageOfPage":{"@id":"https:\/\/epcg-sg.com\/lat\/potpisan-sporazum-izmedu-epcg-i-ugt-renewables\/#primaryimage"},"image":{"@id":"https:\/\/epcg-sg.com\/lat\/potpisan-sporazum-izmedu-epcg-i-ugt-renewables\/#primaryimage"},"thumbnailUrl":"https:\/\/epcg-sg.com\/wp-content\/uploads\/2022\/11\/1.jpg","datePublished":"2022-11-07T13:16:26+00:00","dateModified":"2024-02-12T07:36:39+00:00","description":"Izvr\u0161ni direktor kompanije \"UGT Renewables\" Adam Korteze i predsjednik Odbora direktora EPCG Milutin \u0110ukanovi\u0107 potpisali su sporazum o zajedni\u010dkom razvoju projekata u oblasti proizvodnje iz obnovljivih izvora - s fokusom na izgradnju solarnih elektrana i postrojenja za skladi\u0161tenje elektri\u010dne energije.","breadcrumb":{"@id":"https:\/\/epcg-sg.com\/lat\/potpisan-sporazum-izmedu-epcg-i-ugt-renewables\/#breadcrumb"},"inLanguage":"lat","potentialAction":[{"@type":"ReadAction","target":["https:\/\/epcg-sg.com\/lat\/potpisan-sporazum-izmedu-epcg-i-ugt-renewables\/"]}]},{"@type":"ImageObject","inLanguage":"lat","@id":"https:\/\/epcg-sg.com\/lat\/potpisan-sporazum-izmedu-epcg-i-ugt-renewables\/#primaryimage","url":"https:\/\/epcg-sg.com\/wp-content\/uploads\/2022\/11\/1.jpg","contentUrl":"https:\/\/epcg-sg.com\/wp-content\/uploads\/2022\/11\/1.jpg","width":2048,"height":1366},{"@type":"BreadcrumbList","@id":"https:\/\/epcg-sg.com\/lat\/potpisan-sporazum-izmedu-epcg-i-ugt-renewables\/#breadcrumb","itemListElement":[{"@type":"ListItem","position":1,"name":"PO\u010cETNA","item":"https:\/\/epcg-sg.com\/lat\/"},{"@type":"ListItem","position":2,"name":"Potpisan sporazum izme\u0111u EPCG i UGT Renewables"}]},{"@type":"WebSite","@id":"https:\/\/epcg-sg.com\/lat\/#website","url":"https:\/\/epcg-sg.com\/lat\/","name":"\u0415\u041f\u0426\u0413 \u0421\u043e\u043b\u0430\u0440 \u0433\u0440\u0430\u0434\u045a\u0430","description":"Elektroprivreda Crne Gore","publisher":{"@id":"https:\/\/epcg-sg.com\/lat\/#organization"},"potentialAction":[{"@type":"SearchAction","target":{"@type":"EntryPoint","urlTemplate":"https:\/\/epcg-sg.com\/lat\/?s={search_term_string}"},"query-input":{"@type":"PropertyValueSpecification","valueRequired":true,"valueName":"search_term_string"}}],"inLanguage":"lat"},{"@type":"Organization","@id":"https:\/\/epcg-sg.com\/lat\/#organization","name":"EPCG Solar gradnja","url":"https:\/\/epcg-sg.com\/lat\/","logo":{"@type":"ImageObject","inLanguage":"lat","@id":"https:\/\/epcg-sg.com\/lat\/#\/schema\/logo\/image\/","url":"","contentUrl":"","caption":"EPCG Solar gradnja"},"image":{"@id":"https:\/\/epcg-sg.com\/lat\/#\/schema\/logo\/image\/"},"sameAs":["https:\/\/www.facebook.com\/solargradnjaofficialpage","https:\/\/x.com\/EpcgSolar"]},{"@type":"Person","@id":"https:\/\/epcg-sg.com\/lat\/#\/schema\/person\/ab3ed7d89cd132bf05a984825ae8b480","name":"andrija","sameAs":["https:\/\/epcg-sg.com"]}]}},"_links":{"self":[{"href":"https:\/\/epcg-sg.com\/lat\/wp-json\/wp\/v2\/posts\/2010","targetHints":{"allow":["GET"]}}],"collection":[{"href":"https:\/\/epcg-sg.com\/lat\/wp-json\/wp\/v2\/posts"}],"about":[{"href":"https:\/\/epcg-sg.com\/lat\/wp-json\/wp\/v2\/types\/post"}],"author":[{"embeddable":true,"href":"https:\/\/epcg-sg.com\/lat\/wp-json\/wp\/v2\/users\/1"}],"replies":[{"embeddable":true,"href":"https:\/\/epcg-sg.com\/lat\/wp-json\/wp\/v2\/comments?post=2010"}],"version-history":[{"count":2,"href":"https:\/\/epcg-sg.com\/lat\/wp-json\/wp\/v2\/posts\/2010\/revisions"}],"predecessor-version":[{"id":3045,"href":"https:\/\/epcg-sg.com\/lat\/wp-json\/wp\/v2\/posts\/2010\/revisions\/3045"}],"wp:featuredmedia":[{"embeddable":true,"href":"https:\/\/epcg-sg.com\/lat\/wp-json\/wp\/v2\/media\/1997"}],"wp:attachment":[{"href":"https:\/\/epcg-sg.com\/lat\/wp-json\/wp\/v2\/media?parent=2010"}],"wp:term":[{"taxonomy":"category","embeddable":true,"href":"https:\/\/epcg-sg.com\/lat\/wp-json\/wp\/v2\/categories?post=2010"},{"taxonomy":"post_tag","embeddable":true,"href":"https:\/\/epcg-sg.com\/lat\/wp-json\/wp\/v2\/tags?post=2010"}],"curies":[{"name":"wp","href":"https:\/\/api.w.org\/{rel}","templated":true}]}}