{"id":1984,"date":"2022-09-29T13:55:00","date_gmt":"2022-09-29T11:55:00","guid":{"rendered":"https:\/\/epcg-sg.com\/epcg-solar-gradnja-ugradila-je-vise-od-200-solarnih-elektrana-i-gotovo-2mw-solarne-energije-u-crnoj-gori\/"},"modified":"2024-02-12T09:36:45","modified_gmt":"2024-02-12T07:36:45","slug":"epcg-solar-gradnja-ugradila-je-vise-od-200-solarnih-elektrana-i-gotovo-2mw-solarne-energije-u-crnoj-gori","status":"publish","type":"post","link":"https:\/\/epcg-sg.com\/lat\/epcg-solar-gradnja-ugradila-je-vise-od-200-solarnih-elektrana-i-gotovo-2mw-solarne-energije-u-crnoj-gori\/","title":{"rendered":"EPCG Solar gradnja ugradila je vi\u0161e od 200 solarnih elektrana i gotovo 2MW solarne energije u Crnoj Gori"},"content":{"rendered":"\t\t<div data-elementor-type=\"wp-post\" data-elementor-id=\"1984\" class=\"elementor elementor-1984 elementor-1974\" data-elementor-post-type=\"post\">\n\t\t\t\t\t\t<section class=\"elementor-section elementor-top-section elementor-element elementor-element-de2197b elementor-section-boxed elementor-section-height-default elementor-section-height-default\" data-id=\"de2197b\" data-element_type=\"section\" data-e-type=\"section\" data-settings=\"{&quot;jet_parallax_layout_list&quot;:[]}\">\n\t\t\t\t\t\t<div class=\"elementor-container elementor-column-gap-default\">\n\t\t\t\t\t<div class=\"elementor-column elementor-col-100 elementor-top-column elementor-element elementor-element-f094763\" data-id=\"f094763\" data-element_type=\"column\" data-e-type=\"column\">\n\t\t\t<div class=\"elementor-widget-wrap elementor-element-populated\">\n\t\t\t\t\t\t<div class=\"elementor-element elementor-element-b3942a6 elementor-widget elementor-widget-text-editor\" data-id=\"b3942a6\" data-element_type=\"widget\" data-e-type=\"widget\" data-widget_type=\"text-editor.default\">\n\t\t\t\t<div class=\"elementor-widget-container\">\n\t\t\t\t\t\t\t\t\t<p>Naime, EPCG Solar gradnja do sada je ugradila pribli\u017eno 2 megavata solarne energije, \u0161to \u0107e zna\u010diti vi\u0161e od 5000 panela, a ne kako nerelevatni pojedinci navode, 200 panela. Projektom 3000+ i 500+ su obuhva\u0107ene solarne elektrane snage od 3kW do 300 kW.<\/p>\n<p>Uz to \u017eelimo da podsjetimo da je od ideje do po\u010detka realizacije projekta Solari 3000+ i 500+ vrijednog 30 miliona evra pro\u0161lo svega 11 mjeseci.<\/p>\n<p>Za to vrijeme ura\u0111eno je: Idejno-tehni\u010dko re\u0161enje; Studija izvodljivosti; Biznis plan; Objavljen javni poziv za gra\u0111ane i pravna lica; raspisan javni poziv za obezbje\u0111enje sredstava u iznosu od 30 miliona evra (obezbije\u0111en kredit od 30 miliona evra na rok od 10 godina, grejs period od 2 godine sa fiksnom kamatnom stopom od 1,63), na javni poziv javilo se 9 finansijskih institucija \u0161to je najbolja potvrda o kvalitetu projekta; objavljen javni poziv za opremu (solarni paneli, invertori, podkonstrukcije, energetska i za\u0161titna oprema) vrijedan 22 miliona evra, izabrali najpovoljnije dobavlja\u010de; osnovali smo firmu koja \u0107e izvoditi radove; zaposlili i obu\u010dili na stotine in\u017eenjera i montera; obezbijedili opremu i alat za in\u017eenjere i montere (Javni poziv), oprema, manji dio stigao u junu, ve\u0107e koli\u010dine u avgustu i septembru.<\/p>\n<p>Postavlja se pitanje: Da li smo do sada u Crnoj Gori imali slu\u010daj da je projekat koji je od ideje do po\u010detka radova, pro\u0161av\u0161i navedenu proceduru, realizovan u ovako kratkom roku?<\/p>\n<p>Po osnovu oslobo\u0111ene energije EPCG \u0107e prihodovati vi\u0161e od 20 miliona evra godi\u0161nje dok \u0107e gra\u0111ani elektri\u010dnu energiju dobijati gotovo besplatno!<\/p>\n<p>U oktobru \u0107emo instalirati preko 5 megavata solarne energije!<\/p>\n<p>Iz dana u dana rezultati su sve vidljiviji!<\/p>\n<p>Do kraja godine \u0107e biti otvoren stalni konkurs za in\u017eenjere i montere (ko \u017eeli da radi ima\u0107e posao).<\/p>\n<p>Nastavljamo da radimo sna\u017enije i bolje!<\/p>\n<p>EPCG SOLAR GRADNjA RADI!<\/p>\n\t\t\t\t\t\t\t\t<\/div>\n\t\t\t\t<\/div>\n\t\t\t\t\t<\/div>\n\t\t<\/div>\n\t\t\t\t\t<\/div>\n\t\t<\/section>\n\t\t\t\t<\/div>\n\t\t","protected":false},"excerpt":{"rendered":"<p>Shodno zlonamjernim komentarima koje smo u prilici da \u010dujemo ovih dana od predstavnika biv\u0161eg re\u017eima, u obavezi smo zbog gra\u0111ana Crne Gore i prijavljenih i zainteresovanih kandidata za projekat Solari 3000+ i 500+ da se kratko osvrnemo na navedene navode.<\/p>\n","protected":false},"author":1,"featured_media":1977,"comment_status":"closed","ping_status":"closed","sticky":false,"template":"","format":"standard","meta":{"footnotes":""},"categories":[19],"tags":[],"class_list":["post-1984","post","type-post","status-publish","format-standard","has-post-thumbnail","hentry","category-kategorija-vijesti-lat"],"yoast_head":"<!-- This site is optimized with the Yoast SEO plugin v27.2 - https:\/\/yoast.com\/product\/yoast-seo-wordpress\/ -->\n<title>EPCG Solar gradnja ugradila je vi\u0161e od 200 solarnih elektrana i gotovo 2MW solarne energije u Crnoj Gori - Solar gradnja<\/title>\n<meta name=\"description\" content=\"Shodno zlonamjernim komentarima koje smo u prilici da \u010dujemo ovih dana od predstavnika biv\u0161eg re\u017eima, u obavezi smo zbog gra\u0111ana Crne Gore i prijavljenih i zainteresovanih kandidata za projekat Solari 3000+ i 500+ da se kratko osvrnemo na navedene navode.\" \/>\n<meta name=\"robots\" content=\"index, follow, max-snippet:-1, max-image-preview:large, max-video-preview:-1\" \/>\n<link rel=\"canonical\" href=\"https:\/\/epcg-sg.com\/lat\/epcg-solar-gradnja-ugradila-je-vise-od-200-solarnih-elektrana-i-gotovo-2mw-solarne-energije-u-crnoj-gori\/\" \/>\n<meta property=\"og:locale\" content=\"en_US\" \/>\n<meta property=\"og:type\" content=\"article\" \/>\n<meta property=\"og:title\" content=\"EPCG Solar gradnja ugradila je vi\u0161e od 200 solarnih elektrana i gotovo 2MW solarne energije u Crnoj Gori - Solar gradnja\" \/>\n<meta property=\"og:description\" content=\"Shodno zlonamjernim komentarima koje smo u prilici da \u010dujemo ovih dana od predstavnika biv\u0161eg re\u017eima, u obavezi smo zbog gra\u0111ana Crne Gore i prijavljenih i zainteresovanih kandidata za projekat Solari 3000+ i 500+ da se kratko osvrnemo na navedene navode.\" \/>\n<meta property=\"og:url\" content=\"https:\/\/epcg-sg.com\/lat\/epcg-solar-gradnja-ugradila-je-vise-od-200-solarnih-elektrana-i-gotovo-2mw-solarne-energije-u-crnoj-gori\/\" \/>\n<meta property=\"og:site_name\" content=\"Solar gradnja\" \/>\n<meta property=\"article:publisher\" content=\"https:\/\/www.facebook.com\/solargradnjaofficialpage\" \/>\n<meta property=\"article:published_time\" content=\"2022-09-29T11:55:00+00:00\" \/>\n<meta property=\"article:modified_time\" content=\"2024-02-12T07:36:45+00:00\" \/>\n<meta property=\"og:image\" content=\"https:\/\/epcg-sg.com\/wp-content\/uploads\/2022\/10\/saopstenje-fotka.jpg\" \/>\n\t<meta property=\"og:image:width\" content=\"1600\" \/>\n\t<meta property=\"og:image:height\" content=\"1200\" \/>\n\t<meta property=\"og:image:type\" content=\"image\/jpeg\" \/>\n<meta name=\"author\" content=\"andrija\" \/>\n<meta name=\"twitter:card\" content=\"summary_large_image\" \/>\n<meta name=\"twitter:creator\" content=\"@EpcgSolar\" \/>\n<meta name=\"twitter:site\" content=\"@EpcgSolar\" \/>\n<script type=\"application\/ld+json\" class=\"yoast-schema-graph\">{\"@context\":\"https:\/\/schema.org\",\"@graph\":[{\"@type\":\"Article\",\"@id\":\"https:\/\/epcg-sg.com\/lat\/epcg-solar-gradnja-ugradila-je-vise-od-200-solarnih-elektrana-i-gotovo-2mw-solarne-energije-u-crnoj-gori\/#article\",\"isPartOf\":{\"@id\":\"https:\/\/epcg-sg.com\/lat\/epcg-solar-gradnja-ugradila-je-vise-od-200-solarnih-elektrana-i-gotovo-2mw-solarne-energije-u-crnoj-gori\/\"},\"author\":{\"name\":\"andrija\",\"@id\":\"https:\/\/epcg-sg.com\/lat\/#\/schema\/person\/ab3ed7d89cd132bf05a984825ae8b480\"},\"headline\":\"EPCG Solar gradnja ugradila je vi\u0161e od 200 solarnih elektrana i gotovo 2MW solarne energije u Crnoj Gori\",\"datePublished\":\"2022-09-29T11:55:00+00:00\",\"dateModified\":\"2024-02-12T07:36:45+00:00\",\"mainEntityOfPage\":{\"@id\":\"https:\/\/epcg-sg.com\/lat\/epcg-solar-gradnja-ugradila-je-vise-od-200-solarnih-elektrana-i-gotovo-2mw-solarne-energije-u-crnoj-gori\/\"},\"wordCount\":319,\"publisher\":{\"@id\":\"https:\/\/epcg-sg.com\/lat\/#organization\"},\"image\":{\"@id\":\"https:\/\/epcg-sg.com\/lat\/epcg-solar-gradnja-ugradila-je-vise-od-200-solarnih-elektrana-i-gotovo-2mw-solarne-energije-u-crnoj-gori\/#primaryimage\"},\"thumbnailUrl\":\"https:\/\/epcg-sg.com\/wp-content\/uploads\/2022\/10\/saopstenje-fotka.jpg\",\"articleSection\":[\"Vijesti\"],\"inLanguage\":\"lat\"},{\"@type\":\"WebPage\",\"@id\":\"https:\/\/epcg-sg.com\/lat\/epcg-solar-gradnja-ugradila-je-vise-od-200-solarnih-elektrana-i-gotovo-2mw-solarne-energije-u-crnoj-gori\/\",\"url\":\"https:\/\/epcg-sg.com\/lat\/epcg-solar-gradnja-ugradila-je-vise-od-200-solarnih-elektrana-i-gotovo-2mw-solarne-energije-u-crnoj-gori\/\",\"name\":\"EPCG Solar gradnja ugradila je vi\u0161e od 200 solarnih elektrana i gotovo 2MW solarne energije u Crnoj Gori - Solar gradnja\",\"isPartOf\":{\"@id\":\"https:\/\/epcg-sg.com\/lat\/#website\"},\"primaryImageOfPage\":{\"@id\":\"https:\/\/epcg-sg.com\/lat\/epcg-solar-gradnja-ugradila-je-vise-od-200-solarnih-elektrana-i-gotovo-2mw-solarne-energije-u-crnoj-gori\/#primaryimage\"},\"image\":{\"@id\":\"https:\/\/epcg-sg.com\/lat\/epcg-solar-gradnja-ugradila-je-vise-od-200-solarnih-elektrana-i-gotovo-2mw-solarne-energije-u-crnoj-gori\/#primaryimage\"},\"thumbnailUrl\":\"https:\/\/epcg-sg.com\/wp-content\/uploads\/2022\/10\/saopstenje-fotka.jpg\",\"datePublished\":\"2022-09-29T11:55:00+00:00\",\"dateModified\":\"2024-02-12T07:36:45+00:00\",\"description\":\"Shodno zlonamjernim komentarima koje smo u prilici da \u010dujemo ovih dana od predstavnika biv\u0161eg re\u017eima, u obavezi smo zbog gra\u0111ana Crne Gore i prijavljenih i zainteresovanih kandidata za projekat Solari 3000+ i 500+ da se kratko osvrnemo na navedene navode.\",\"breadcrumb\":{\"@id\":\"https:\/\/epcg-sg.com\/lat\/epcg-solar-gradnja-ugradila-je-vise-od-200-solarnih-elektrana-i-gotovo-2mw-solarne-energije-u-crnoj-gori\/#breadcrumb\"},\"inLanguage\":\"lat\",\"potentialAction\":[{\"@type\":\"ReadAction\",\"target\":[\"https:\/\/epcg-sg.com\/lat\/epcg-solar-gradnja-ugradila-je-vise-od-200-solarnih-elektrana-i-gotovo-2mw-solarne-energije-u-crnoj-gori\/\"]}]},{\"@type\":\"ImageObject\",\"inLanguage\":\"lat\",\"@id\":\"https:\/\/epcg-sg.com\/lat\/epcg-solar-gradnja-ugradila-je-vise-od-200-solarnih-elektrana-i-gotovo-2mw-solarne-energije-u-crnoj-gori\/#primaryimage\",\"url\":\"https:\/\/epcg-sg.com\/wp-content\/uploads\/2022\/10\/saopstenje-fotka.jpg\",\"contentUrl\":\"https:\/\/epcg-sg.com\/wp-content\/uploads\/2022\/10\/saopstenje-fotka.jpg\",\"width\":1600,\"height\":1200},{\"@type\":\"BreadcrumbList\",\"@id\":\"https:\/\/epcg-sg.com\/lat\/epcg-solar-gradnja-ugradila-je-vise-od-200-solarnih-elektrana-i-gotovo-2mw-solarne-energije-u-crnoj-gori\/#breadcrumb\",\"itemListElement\":[{\"@type\":\"ListItem\",\"position\":1,\"name\":\"PO\u010cETNA\",\"item\":\"https:\/\/epcg-sg.com\/lat\/\"},{\"@type\":\"ListItem\",\"position\":2,\"name\":\"EPCG Solar gradnja ugradila je vi\u0161e od 200 solarnih elektrana i gotovo 2MW solarne energije u Crnoj Gori\"}]},{\"@type\":\"WebSite\",\"@id\":\"https:\/\/epcg-sg.com\/lat\/#website\",\"url\":\"https:\/\/epcg-sg.com\/lat\/\",\"name\":\"\u0415\u041f\u0426\u0413 \u0421\u043e\u043b\u0430\u0440 \u0433\u0440\u0430\u0434\u045a\u0430\",\"description\":\"Elektroprivreda Crne Gore\",\"publisher\":{\"@id\":\"https:\/\/epcg-sg.com\/lat\/#organization\"},\"potentialAction\":[{\"@type\":\"SearchAction\",\"target\":{\"@type\":\"EntryPoint\",\"urlTemplate\":\"https:\/\/epcg-sg.com\/lat\/?s={search_term_string}\"},\"query-input\":{\"@type\":\"PropertyValueSpecification\",\"valueRequired\":true,\"valueName\":\"search_term_string\"}}],\"inLanguage\":\"lat\"},{\"@type\":\"Organization\",\"@id\":\"https:\/\/epcg-sg.com\/lat\/#organization\",\"name\":\"EPCG Solar gradnja\",\"url\":\"https:\/\/epcg-sg.com\/lat\/\",\"logo\":{\"@type\":\"ImageObject\",\"inLanguage\":\"lat\",\"@id\":\"https:\/\/epcg-sg.com\/lat\/#\/schema\/logo\/image\/\",\"url\":\"\",\"contentUrl\":\"\",\"caption\":\"EPCG Solar gradnja\"},\"image\":{\"@id\":\"https:\/\/epcg-sg.com\/lat\/#\/schema\/logo\/image\/\"},\"sameAs\":[\"https:\/\/www.facebook.com\/solargradnjaofficialpage\",\"https:\/\/x.com\/EpcgSolar\"]},{\"@type\":\"Person\",\"@id\":\"https:\/\/epcg-sg.com\/lat\/#\/schema\/person\/ab3ed7d89cd132bf05a984825ae8b480\",\"name\":\"andrija\",\"sameAs\":[\"https:\/\/epcg-sg.com\"]}]}<\/script>\n<!-- \/ Yoast SEO plugin. -->","yoast_head_json":{"title":"EPCG Solar gradnja ugradila je vi\u0161e od 200 solarnih elektrana i gotovo 2MW solarne energije u Crnoj Gori - Solar gradnja","description":"Shodno zlonamjernim komentarima koje smo u prilici da \u010dujemo ovih dana od predstavnika biv\u0161eg re\u017eima, u obavezi smo zbog gra\u0111ana Crne Gore i prijavljenih i zainteresovanih kandidata za projekat Solari 3000+ i 500+ da se kratko osvrnemo na navedene navode.","robots":{"index":"index","follow":"follow","max-snippet":"max-snippet:-1","max-image-preview":"max-image-preview:large","max-video-preview":"max-video-preview:-1"},"canonical":"https:\/\/epcg-sg.com\/lat\/epcg-solar-gradnja-ugradila-je-vise-od-200-solarnih-elektrana-i-gotovo-2mw-solarne-energije-u-crnoj-gori\/","og_locale":"en_US","og_type":"article","og_title":"EPCG Solar gradnja ugradila je vi\u0161e od 200 solarnih elektrana i gotovo 2MW solarne energije u Crnoj Gori - Solar gradnja","og_description":"Shodno zlonamjernim komentarima koje smo u prilici da \u010dujemo ovih dana od predstavnika biv\u0161eg re\u017eima, u obavezi smo zbog gra\u0111ana Crne Gore i prijavljenih i zainteresovanih kandidata za projekat Solari 3000+ i 500+ da se kratko osvrnemo na navedene navode.","og_url":"https:\/\/epcg-sg.com\/lat\/epcg-solar-gradnja-ugradila-je-vise-od-200-solarnih-elektrana-i-gotovo-2mw-solarne-energije-u-crnoj-gori\/","og_site_name":"Solar gradnja","article_publisher":"https:\/\/www.facebook.com\/solargradnjaofficialpage","article_published_time":"2022-09-29T11:55:00+00:00","article_modified_time":"2024-02-12T07:36:45+00:00","og_image":[{"width":1600,"height":1200,"url":"https:\/\/epcg-sg.com\/wp-content\/uploads\/2022\/10\/saopstenje-fotka.jpg","type":"image\/jpeg"}],"author":"andrija","twitter_card":"summary_large_image","twitter_creator":"@EpcgSolar","twitter_site":"@EpcgSolar","schema":{"@context":"https:\/\/schema.org","@graph":[{"@type":"Article","@id":"https:\/\/epcg-sg.com\/lat\/epcg-solar-gradnja-ugradila-je-vise-od-200-solarnih-elektrana-i-gotovo-2mw-solarne-energije-u-crnoj-gori\/#article","isPartOf":{"@id":"https:\/\/epcg-sg.com\/lat\/epcg-solar-gradnja-ugradila-je-vise-od-200-solarnih-elektrana-i-gotovo-2mw-solarne-energije-u-crnoj-gori\/"},"author":{"name":"andrija","@id":"https:\/\/epcg-sg.com\/lat\/#\/schema\/person\/ab3ed7d89cd132bf05a984825ae8b480"},"headline":"EPCG Solar gradnja ugradila je vi\u0161e od 200 solarnih elektrana i gotovo 2MW solarne energije u Crnoj Gori","datePublished":"2022-09-29T11:55:00+00:00","dateModified":"2024-02-12T07:36:45+00:00","mainEntityOfPage":{"@id":"https:\/\/epcg-sg.com\/lat\/epcg-solar-gradnja-ugradila-je-vise-od-200-solarnih-elektrana-i-gotovo-2mw-solarne-energije-u-crnoj-gori\/"},"wordCount":319,"publisher":{"@id":"https:\/\/epcg-sg.com\/lat\/#organization"},"image":{"@id":"https:\/\/epcg-sg.com\/lat\/epcg-solar-gradnja-ugradila-je-vise-od-200-solarnih-elektrana-i-gotovo-2mw-solarne-energije-u-crnoj-gori\/#primaryimage"},"thumbnailUrl":"https:\/\/epcg-sg.com\/wp-content\/uploads\/2022\/10\/saopstenje-fotka.jpg","articleSection":["Vijesti"],"inLanguage":"lat"},{"@type":"WebPage","@id":"https:\/\/epcg-sg.com\/lat\/epcg-solar-gradnja-ugradila-je-vise-od-200-solarnih-elektrana-i-gotovo-2mw-solarne-energije-u-crnoj-gori\/","url":"https:\/\/epcg-sg.com\/lat\/epcg-solar-gradnja-ugradila-je-vise-od-200-solarnih-elektrana-i-gotovo-2mw-solarne-energije-u-crnoj-gori\/","name":"EPCG Solar gradnja ugradila je vi\u0161e od 200 solarnih elektrana i gotovo 2MW solarne energije u Crnoj Gori - Solar gradnja","isPartOf":{"@id":"https:\/\/epcg-sg.com\/lat\/#website"},"primaryImageOfPage":{"@id":"https:\/\/epcg-sg.com\/lat\/epcg-solar-gradnja-ugradila-je-vise-od-200-solarnih-elektrana-i-gotovo-2mw-solarne-energije-u-crnoj-gori\/#primaryimage"},"image":{"@id":"https:\/\/epcg-sg.com\/lat\/epcg-solar-gradnja-ugradila-je-vise-od-200-solarnih-elektrana-i-gotovo-2mw-solarne-energije-u-crnoj-gori\/#primaryimage"},"thumbnailUrl":"https:\/\/epcg-sg.com\/wp-content\/uploads\/2022\/10\/saopstenje-fotka.jpg","datePublished":"2022-09-29T11:55:00+00:00","dateModified":"2024-02-12T07:36:45+00:00","description":"Shodno zlonamjernim komentarima koje smo u prilici da \u010dujemo ovih dana od predstavnika biv\u0161eg re\u017eima, u obavezi smo zbog gra\u0111ana Crne Gore i prijavljenih i zainteresovanih kandidata za projekat Solari 3000+ i 500+ da se kratko osvrnemo na navedene navode.","breadcrumb":{"@id":"https:\/\/epcg-sg.com\/lat\/epcg-solar-gradnja-ugradila-je-vise-od-200-solarnih-elektrana-i-gotovo-2mw-solarne-energije-u-crnoj-gori\/#breadcrumb"},"inLanguage":"lat","potentialAction":[{"@type":"ReadAction","target":["https:\/\/epcg-sg.com\/lat\/epcg-solar-gradnja-ugradila-je-vise-od-200-solarnih-elektrana-i-gotovo-2mw-solarne-energije-u-crnoj-gori\/"]}]},{"@type":"ImageObject","inLanguage":"lat","@id":"https:\/\/epcg-sg.com\/lat\/epcg-solar-gradnja-ugradila-je-vise-od-200-solarnih-elektrana-i-gotovo-2mw-solarne-energije-u-crnoj-gori\/#primaryimage","url":"https:\/\/epcg-sg.com\/wp-content\/uploads\/2022\/10\/saopstenje-fotka.jpg","contentUrl":"https:\/\/epcg-sg.com\/wp-content\/uploads\/2022\/10\/saopstenje-fotka.jpg","width":1600,"height":1200},{"@type":"BreadcrumbList","@id":"https:\/\/epcg-sg.com\/lat\/epcg-solar-gradnja-ugradila-je-vise-od-200-solarnih-elektrana-i-gotovo-2mw-solarne-energije-u-crnoj-gori\/#breadcrumb","itemListElement":[{"@type":"ListItem","position":1,"name":"PO\u010cETNA","item":"https:\/\/epcg-sg.com\/lat\/"},{"@type":"ListItem","position":2,"name":"EPCG Solar gradnja ugradila je vi\u0161e od 200 solarnih elektrana i gotovo 2MW solarne energije u Crnoj Gori"}]},{"@type":"WebSite","@id":"https:\/\/epcg-sg.com\/lat\/#website","url":"https:\/\/epcg-sg.com\/lat\/","name":"\u0415\u041f\u0426\u0413 \u0421\u043e\u043b\u0430\u0440 \u0433\u0440\u0430\u0434\u045a\u0430","description":"Elektroprivreda Crne Gore","publisher":{"@id":"https:\/\/epcg-sg.com\/lat\/#organization"},"potentialAction":[{"@type":"SearchAction","target":{"@type":"EntryPoint","urlTemplate":"https:\/\/epcg-sg.com\/lat\/?s={search_term_string}"},"query-input":{"@type":"PropertyValueSpecification","valueRequired":true,"valueName":"search_term_string"}}],"inLanguage":"lat"},{"@type":"Organization","@id":"https:\/\/epcg-sg.com\/lat\/#organization","name":"EPCG Solar gradnja","url":"https:\/\/epcg-sg.com\/lat\/","logo":{"@type":"ImageObject","inLanguage":"lat","@id":"https:\/\/epcg-sg.com\/lat\/#\/schema\/logo\/image\/","url":"","contentUrl":"","caption":"EPCG Solar gradnja"},"image":{"@id":"https:\/\/epcg-sg.com\/lat\/#\/schema\/logo\/image\/"},"sameAs":["https:\/\/www.facebook.com\/solargradnjaofficialpage","https:\/\/x.com\/EpcgSolar"]},{"@type":"Person","@id":"https:\/\/epcg-sg.com\/lat\/#\/schema\/person\/ab3ed7d89cd132bf05a984825ae8b480","name":"andrija","sameAs":["https:\/\/epcg-sg.com"]}]}},"_links":{"self":[{"href":"https:\/\/epcg-sg.com\/lat\/wp-json\/wp\/v2\/posts\/1984","targetHints":{"allow":["GET"]}}],"collection":[{"href":"https:\/\/epcg-sg.com\/lat\/wp-json\/wp\/v2\/posts"}],"about":[{"href":"https:\/\/epcg-sg.com\/lat\/wp-json\/wp\/v2\/types\/post"}],"author":[{"embeddable":true,"href":"https:\/\/epcg-sg.com\/lat\/wp-json\/wp\/v2\/users\/1"}],"replies":[{"embeddable":true,"href":"https:\/\/epcg-sg.com\/lat\/wp-json\/wp\/v2\/comments?post=1984"}],"version-history":[{"count":1,"href":"https:\/\/epcg-sg.com\/lat\/wp-json\/wp\/v2\/posts\/1984\/revisions"}],"predecessor-version":[{"id":1985,"href":"https:\/\/epcg-sg.com\/lat\/wp-json\/wp\/v2\/posts\/1984\/revisions\/1985"}],"wp:featuredmedia":[{"embeddable":true,"href":"https:\/\/epcg-sg.com\/lat\/wp-json\/wp\/v2\/media\/1977"}],"wp:attachment":[{"href":"https:\/\/epcg-sg.com\/lat\/wp-json\/wp\/v2\/media?parent=1984"}],"wp:term":[{"taxonomy":"category","embeddable":true,"href":"https:\/\/epcg-sg.com\/lat\/wp-json\/wp\/v2\/categories?post=1984"},{"taxonomy":"post_tag","embeddable":true,"href":"https:\/\/epcg-sg.com\/lat\/wp-json\/wp\/v2\/tags?post=1984"}],"curies":[{"name":"wp","href":"https:\/\/api.w.org\/{rel}","templated":true}]}}