{"id":1609,"date":"2022-06-05T20:45:49","date_gmt":"2022-06-05T18:45:49","guid":{"rendered":"https:\/\/solar.logate.com\/energetika-da-bude-lokomotiva-privrednog-razvoja-crne-gore-i-regiona\/"},"modified":"2024-02-12T09:40:25","modified_gmt":"2024-02-12T07:40:25","slug":"energetika-da-bude-lokomotiva-privrednog-razvoja-crne-gore-i-regiona","status":"publish","type":"post","link":"https:\/\/epcg-sg.com\/lat\/energetika-da-bude-lokomotiva-privrednog-razvoja-crne-gore-i-regiona\/","title":{"rendered":"Energetika da bude lokomotiva privrednog razvoja Crne Gore i regiona"},"content":{"rendered":"\t\t<div data-elementor-type=\"wp-post\" data-elementor-id=\"1609\" class=\"elementor elementor-1609 elementor-1037\" data-elementor-post-type=\"post\">\n\t\t\t\t\t\t<section class=\"elementor-section elementor-top-section elementor-element elementor-element-62d60f1 elementor-section-boxed elementor-section-height-default elementor-section-height-default\" data-id=\"62d60f1\" data-element_type=\"section\" data-e-type=\"section\" data-settings=\"{&quot;jet_parallax_layout_list&quot;:[]}\">\n\t\t\t\t\t\t<div class=\"elementor-container elementor-column-gap-default\">\n\t\t\t\t\t<div class=\"elementor-column elementor-col-100 elementor-top-column elementor-element elementor-element-8e01e92\" data-id=\"8e01e92\" data-element_type=\"column\" data-e-type=\"column\">\n\t\t\t<div class=\"elementor-widget-wrap elementor-element-populated\">\n\t\t\t\t\t\t<div class=\"elementor-element elementor-element-8da9c8d elementor-widget elementor-widget-text-editor\" data-id=\"8da9c8d\" data-element_type=\"widget\" data-e-type=\"widget\" data-widget_type=\"text-editor.default\">\n\t\t\t\t<div class=\"elementor-widget-container\">\n\t\t\t\t\t\t\t\t\t<p>Obnovljivi izvori energije najva\u017enija su poluga u poslovima koji predstoje u energetskoj tranziciji, a energetika mora da preuzme razvojnu funkciju zaklju\u010deno je na panelu \u201eObnovljivi izvori energije kao prioritet razvoja energetskog sektora u Crnoj Gori i regionu\u201c, koji je organizovan u okviru Simpozijuma EPCG NET 2022.<\/p>\n\t\t\t\t\t\t\t\t<\/div>\n\t\t\t\t<\/div>\n\t\t\t\t<div class=\"elementor-element elementor-element-ade5464 gallery-spacing-custom elementor-widget elementor-widget-image-gallery\" data-id=\"ade5464\" data-element_type=\"widget\" data-e-type=\"widget\" data-widget_type=\"image-gallery.default\">\n\t\t\t\t<div class=\"elementor-widget-container\">\n\t\t\t\t\t\t\t<div class=\"elementor-image-gallery\">\n\t\t\t<div id='gallery-1' class='gallery galleryid-1609 gallery-columns-5 gallery-size-medium'><figure class='gallery-item'>\n\t\t\t<div class='gallery-icon landscape'>\n\t\t\t\t<a data-elementor-open-lightbox=\"yes\" data-elementor-lightbox-slideshow=\"ade5464\" data-e-action-hash=\"#elementor-action%3Aaction%3Dlightbox%26settings%3DeyJpZCI6MTAzOSwidXJsIjoiaHR0cHM6XC9cL2VwY2ctc2cuY29tXC93cC1jb250ZW50XC91cGxvYWRzXC8yMDIyXC8wNlwvMmUuanBnIiwic2xpZGVzaG93IjoiYWRlNTQ2NCJ9\" href='https:\/\/epcg-sg.com\/wp-content\/uploads\/2022\/06\/2e.jpg'><img fetchpriority=\"high\" decoding=\"async\" width=\"300\" height=\"200\" src=\"https:\/\/epcg-sg.com\/wp-content\/uploads\/2022\/06\/2e-300x200.jpg\" class=\"attachment-medium size-medium\" alt=\"\" srcset=\"https:\/\/epcg-sg.com\/wp-content\/uploads\/2022\/06\/2e-300x200.jpg 300w, https:\/\/epcg-sg.com\/wp-content\/uploads\/2022\/06\/2e-1024x682.jpg 1024w, https:\/\/epcg-sg.com\/wp-content\/uploads\/2022\/06\/2e-768x511.jpg 768w, https:\/\/epcg-sg.com\/wp-content\/uploads\/2022\/06\/2e-1536x1022.jpg 1536w, https:\/\/epcg-sg.com\/wp-content\/uploads\/2022\/06\/2e.jpg 2048w\" sizes=\"(max-width: 300px) 100vw, 300px\" \/><\/a>\n\t\t\t<\/div><\/figure><figure class='gallery-item'>\n\t\t\t<div class='gallery-icon landscape'>\n\t\t\t\t<a data-elementor-open-lightbox=\"yes\" data-elementor-lightbox-slideshow=\"ade5464\" data-e-action-hash=\"#elementor-action%3Aaction%3Dlightbox%26settings%3DeyJpZCI6MTA0MSwidXJsIjoiaHR0cHM6XC9cL2VwY2ctc2cuY29tXC93cC1jb250ZW50XC91cGxvYWRzXC8yMDIyXC8wNlwvMmQuanBnIiwic2xpZGVzaG93IjoiYWRlNTQ2NCJ9\" href='https:\/\/epcg-sg.com\/wp-content\/uploads\/2022\/06\/2d.jpg'><img decoding=\"async\" width=\"300\" height=\"200\" src=\"https:\/\/epcg-sg.com\/wp-content\/uploads\/2022\/06\/2d-300x200.jpg\" class=\"attachment-medium size-medium\" alt=\"\" srcset=\"https:\/\/epcg-sg.com\/wp-content\/uploads\/2022\/06\/2d-300x200.jpg 300w, https:\/\/epcg-sg.com\/wp-content\/uploads\/2022\/06\/2d-1024x682.jpg 1024w, https:\/\/epcg-sg.com\/wp-content\/uploads\/2022\/06\/2d-768x511.jpg 768w, https:\/\/epcg-sg.com\/wp-content\/uploads\/2022\/06\/2d-1536x1022.jpg 1536w, https:\/\/epcg-sg.com\/wp-content\/uploads\/2022\/06\/2d.jpg 2048w\" sizes=\"(max-width: 300px) 100vw, 300px\" \/><\/a>\n\t\t\t<\/div><\/figure><figure class='gallery-item'>\n\t\t\t<div class='gallery-icon landscape'>\n\t\t\t\t<a data-elementor-open-lightbox=\"yes\" data-elementor-lightbox-slideshow=\"ade5464\" data-e-action-hash=\"#elementor-action%3Aaction%3Dlightbox%26settings%3DeyJpZCI6MTA0MywidXJsIjoiaHR0cHM6XC9cL2VwY2ctc2cuY29tXC93cC1jb250ZW50XC91cGxvYWRzXC8yMDIyXC8wNlwvMmMuanBnIiwic2xpZGVzaG93IjoiYWRlNTQ2NCJ9\" href='https:\/\/epcg-sg.com\/wp-content\/uploads\/2022\/06\/2c.jpg'><img decoding=\"async\" width=\"300\" height=\"200\" src=\"https:\/\/epcg-sg.com\/wp-content\/uploads\/2022\/06\/2c-300x200.jpg\" class=\"attachment-medium size-medium\" alt=\"\" srcset=\"https:\/\/epcg-sg.com\/wp-content\/uploads\/2022\/06\/2c-300x200.jpg 300w, https:\/\/epcg-sg.com\/wp-content\/uploads\/2022\/06\/2c-1024x682.jpg 1024w, https:\/\/epcg-sg.com\/wp-content\/uploads\/2022\/06\/2c-768x511.jpg 768w, https:\/\/epcg-sg.com\/wp-content\/uploads\/2022\/06\/2c-1536x1022.jpg 1536w, https:\/\/epcg-sg.com\/wp-content\/uploads\/2022\/06\/2c.jpg 2048w\" sizes=\"(max-width: 300px) 100vw, 300px\" \/><\/a>\n\t\t\t<\/div><\/figure><figure class='gallery-item'>\n\t\t\t<div class='gallery-icon landscape'>\n\t\t\t\t<a data-elementor-open-lightbox=\"yes\" data-elementor-lightbox-slideshow=\"ade5464\" data-e-action-hash=\"#elementor-action%3Aaction%3Dlightbox%26settings%3DeyJpZCI6MTA0NSwidXJsIjoiaHR0cHM6XC9cL2VwY2ctc2cuY29tXC93cC1jb250ZW50XC91cGxvYWRzXC8yMDIyXC8wNlwvMmEuanBnIiwic2xpZGVzaG93IjoiYWRlNTQ2NCJ9\" href='https:\/\/epcg-sg.com\/wp-content\/uploads\/2022\/06\/2a.jpg'><img loading=\"lazy\" decoding=\"async\" width=\"300\" height=\"200\" src=\"https:\/\/epcg-sg.com\/wp-content\/uploads\/2022\/06\/2a-300x200.jpg\" class=\"attachment-medium size-medium\" alt=\"\" srcset=\"https:\/\/epcg-sg.com\/wp-content\/uploads\/2022\/06\/2a-300x200.jpg 300w, https:\/\/epcg-sg.com\/wp-content\/uploads\/2022\/06\/2a-1024x682.jpg 1024w, https:\/\/epcg-sg.com\/wp-content\/uploads\/2022\/06\/2a-768x511.jpg 768w, https:\/\/epcg-sg.com\/wp-content\/uploads\/2022\/06\/2a-1536x1022.jpg 1536w, https:\/\/epcg-sg.com\/wp-content\/uploads\/2022\/06\/2a.jpg 2048w\" sizes=\"(max-width: 300px) 100vw, 300px\" \/><\/a>\n\t\t\t<\/div><\/figure><figure class='gallery-item'>\n\t\t\t<div class='gallery-icon landscape'>\n\t\t\t\t<a data-elementor-open-lightbox=\"yes\" data-elementor-lightbox-slideshow=\"ade5464\" data-e-action-hash=\"#elementor-action%3Aaction%3Dlightbox%26settings%3DeyJpZCI6MTA0NywidXJsIjoiaHR0cHM6XC9cL2VwY2ctc2cuY29tXC93cC1jb250ZW50XC91cGxvYWRzXC8yMDIyXC8wNlwvMmIuanBnIiwic2xpZGVzaG93IjoiYWRlNTQ2NCJ9\" href='https:\/\/epcg-sg.com\/wp-content\/uploads\/2022\/06\/2b.jpg'><img loading=\"lazy\" decoding=\"async\" width=\"300\" height=\"200\" src=\"https:\/\/epcg-sg.com\/wp-content\/uploads\/2022\/06\/2b-300x200.jpg\" class=\"attachment-medium size-medium\" alt=\"\" srcset=\"https:\/\/epcg-sg.com\/wp-content\/uploads\/2022\/06\/2b-300x200.jpg 300w, https:\/\/epcg-sg.com\/wp-content\/uploads\/2022\/06\/2b-1024x682.jpg 1024w, https:\/\/epcg-sg.com\/wp-content\/uploads\/2022\/06\/2b-768x511.jpg 768w, https:\/\/epcg-sg.com\/wp-content\/uploads\/2022\/06\/2b-1536x1022.jpg 1536w, https:\/\/epcg-sg.com\/wp-content\/uploads\/2022\/06\/2b.jpg 2048w\" sizes=\"(max-width: 300px) 100vw, 300px\" \/><\/a>\n\t\t\t<\/div><\/figure>\n\t\t<\/div>\n\t\t<\/div>\n\t\t\t\t\t\t<\/div>\n\t\t\t\t<\/div>\n\t\t\t\t<div class=\"elementor-element elementor-element-7076f5b elementor-widget elementor-widget-text-editor\" data-id=\"7076f5b\" data-element_type=\"widget\" data-e-type=\"widget\" data-widget_type=\"text-editor.default\">\n\t\t\t\t<div class=\"elementor-widget-container\">\n\t\t\t\t\t\t\t\t\t<p>\u201eSa energetskom efikasno\u0161\u0107u imamo rezultata u regionu, ali to nije dovoljno. Na ovom segmentu moramo da radimo jako puno. Mislim da \u0107e potro\u0161nja biti zna\u010dajno promijenjena u narednim godinama, a o decenijama da ne govorim. Proizvodnja \u0107e se morati prilago\u0111avati okolnostima\u201c, smatra Rajakovi\u0107.<\/p>\n<p>Kazao je i da je cijela tranzicija nemogu\u0107a bez dobre digitalizacije.<\/p>\n<p>\u201eMi smo region koji je jako oslonjen na ugalj i moramo praviti radikalniji zaokret ka obnovljivim izvorima energije. U energetici bez integracije sektora ne vidim rje\u0161enje\u201c, kazao je profesor Rajakovi\u0107.<\/p>\n<p>V.d. direktora Elektroprivrede Srbije, Miroslav Toma\u0161evi\u0107, objasnio je da je gas umjesto uglja kao bazni energent jako bitan i istakao da se sad put jasno trasirao i da su to obnovljivi izvori energije.<\/p>\n<p>\u201eMo\u017eda smo ih pretjerano stavljali u stranu, kriju\u0107i se iza nekih zakonskih regulativa, kojekakvih planova. Sada vi\u0161e toga nema. Jasno je svima da obnovljivi izvori nemaju alternativu. Nama su dostupni sunce i vjetar. Srbija je do skoro 70 odsto svoje proizvodnje ostvarivala i danas ostvaruje iz termo sektora, na ugalj i ne\u0161to na gas\u201c, kazao je Toma\u0161evi\u0107.<\/p>\n<p>Smatra da \u0161tednja mo\u017ee da da brz rezultat.<\/p>\n<p>\u201eSve je na dugom putu, ali njime idemo i znamo gdje idemo, ali ono \u0161to najbr\u017ee mo\u017eemo su solarne elektrane, koje se znatno br\u017ee grade. Najzgodnije i najbr\u017ee rje\u0161enje je da sve kompanije ohrabrimo, priklju\u010dimo sistem i moje vi\u0111enje je da sljede\u0107e godine, ako sada krenemo u kampanju, mo\u017eemo imati elektranu od 200 megavata\u201c, objasnio je Toma\u0161evi\u0107.<\/p>\n<p>Generalni direktor Elektroprivrede Republike Srpske, Luka Petrovi\u0107, istakao je da se zavaravaju svi koji smatraju da se ve\u0107 sljede\u0107e godine mo\u017ee stvoriti energetska nezavisnot na ovim podru\u010djima.<\/p>\n<p>\u201eMi kao Republika Srpska smo energetski nezavisni, jer imamo taj portfolio koji nam omogu\u0107ava izvoz i malo lagodnije ulazimo u tranziciju. Ako svi u\u0161tedimo malo energije na energetskoj efikasnosti, ako oslobodimo energiju putem izgradnje solarnih panala, \u0161to mo\u017eemo maltene uraditi u godini, onda \u0107emo do\u0107i do vi\u0161kova elektri\u010dne energije, a to zna\u010di i do vi\u0161ka prihoda. Onaj ko uvozi \u0107e manje uvoziti, a onaj ko izvozi ima\u0107e ve\u0107e benefite\u201c, pojasnio je Petrovi\u0107.<\/p>\n<p>Ukazao je da Evropa nije sna\u017eno grantovima podr\u017eala obnovljive izvore.<\/p>\n<p>\u201eInvesticija je jedini izlaz. Brza investicija su solarni paneli, a treba raditi na razvoju hidropotencijala i kori\u0161\u0107enja vjetroparkova\u201c, rekao je Petrovi\u0107.<\/p>\n<p>Rukovodilac sektora za Obnovljive izvore energije i energetsku efikasnost Elektroprivrede hrvatske zajednice Herceg Bosne, Miroslav Nikoli\u0107, smatra da nove tehnologije nude ogroman potencijal, ali same ne mogu dati odgovor.<\/p>\n<p>\u201eMoramo promijeniti modele poslovanja, regulacije, pa i tr\u017ei\u0161te za koje mislim da je jedan od uzroka trenutne krize, jer je neodgovaraju\u0107e. U svim segmentima moramo napraviti promjene\u201c, kazao je Nikoli\u0107.<\/p>\n<p>Izuzetan potencijal koji nude nove tehnologije su, kako je dodao, virtuelne elektrane.<\/p>\n<p>\u201eOgroman potencijal je distribucijska mre\u017ea, ali moramo i\u0107i u automatizaciju, digitalizaciju i prema pametnoj mre\u017ei. Radimo na tome i ula\u017eemo u to\u201c, kazao je Nikoli\u0107.<\/p>\n<p>Direktorica Obnovljivih izvora energije Hrvatske, Maja Pokrovac, smatra da je region izuzetno trom, jer je bio u komfornoj zoni i jer je postojala izvanredna elektro-energetska mre\u017ea, hidrocentrale.<\/p>\n<p>\u201eSvjesni smo \u0161ta moderna energetika zna\u010di. Energetika ovoj regiji omogu\u0107ava ravnomjerni razvoj zemlje. \u017dalosno je i sramotno da nas je korona natjerala i da nas je natjerao rat u Ukrajini da razmislimo i da shvatimo da je najskuplja ona energija koju u svojoj dr\u017eavi nema\u0161. Nema skuplje od te energije\u201c, rekla je Pokrovac.<\/p>\n<p>Ono \u0161to \u0107e Hrvatska raditi je, kako je kazala, povezivanje energetike sa ostalom industrijom.<\/p>\n<p>Direktor za razvoj i investicije Elektroprivrede Sjeverne Makedonije, Blagoj Gardajd\u017eiski, vjeruje da je ta dr\u017eava na pravom putu, ali postoje dileme.<\/p>\n<p>\u201eRa\u010dunica ka\u017ee da bi trebalo izgraditi oko dva gigavata vodonaponskih centara, jo\u0161 dopunskih 500 megavata vjetra da bi mogli supstituirati proizvodnju, koju danas imamo od uglja. To nije jednostavno. Mislim da \u0107emo, ukoliko svi odgovorni za energetsku tranziciju ne budu koncentrisani prema nala\u017eenju rje\u0161enja, imati ozbiljnih pote\u0161ko\u0107a\u201c, istakao je Gardajd\u017eiski.<\/p>\n<p>Vjeruje da \u0107e ono \u0161to je planirano kada je rije\u010d o tranziciji i obnovljivim izvorima energije i\u0107i po planu ili malo sporije od planiranog, ali ozbiljan doma\u0107i zadatak se mora rije\u0161iti.<\/p>\n<p>Dr Ilija Batas Bjeli\u0107 iz Saveza energeti\u010dara Srbije primijetio je da postoji ogroman skepticizam u vezi s obnovljivim izvorima energije, u smislu njihove predvidivosti.<\/p>\n<p>\u201ePod broj jedan je planiranje, a pod broj dva fleksibilizacija. Zatim pove\u0107anje interkonekcije. To je ne\u0161to \u0161to se pokazalao u svim simulacijama dobro. Tu je povezivanje sektora transporta i toplotne energije sa sektorom elektri\u010dne energije. To je ta sinergija. Diverzifikacija je poseban kvalitet energetskih strategija. Ona omogu\u0107ava da ako neka tehnologija omane, da imate rezervu\u201c, ukazao je Bjeli\u0107.<\/p>\n\t\t\t\t\t\t\t\t<\/div>\n\t\t\t\t<\/div>\n\t\t\t\t\t<\/div>\n\t\t<\/div>\n\t\t\t\t\t<\/div>\n\t\t<\/section>\n\t\t\t\t<\/div>\n\t\t","protected":false},"excerpt":{"rendered":"<p>Obnovljivi izvori energije najva\u017enija su poluga u poslovima koji predstoje u energetskoj tranziciji, a energetika mora da preuzme razvojnu funkciju.<\/p>\n","protected":false},"author":1,"featured_media":1045,"comment_status":"closed","ping_status":"closed","sticky":false,"template":"","format":"standard","meta":{"footnotes":""},"categories":[19],"tags":[],"class_list":["post-1609","post","type-post","status-publish","format-standard","has-post-thumbnail","hentry","category-kategorija-vijesti-lat"],"yoast_head":"<!-- This site is optimized with the Yoast SEO plugin v27.2 - https:\/\/yoast.com\/product\/yoast-seo-wordpress\/ -->\n<title>Energetika da bude lokomotiva privrednog razvoja Crne Gore i regiona - Solar gradnja<\/title>\n<meta name=\"description\" content=\"Obnovljivi izvori energije najva\u017enija su poluga u poslovima koji predstoje u energetskoj tranziciji, a energetika mora da preuzme razvojnu funkciju.\" \/>\n<meta name=\"robots\" content=\"index, follow, max-snippet:-1, max-image-preview:large, max-video-preview:-1\" \/>\n<link rel=\"canonical\" href=\"https:\/\/epcg-sg.com\/lat\/energetika-da-bude-lokomotiva-privrednog-razvoja-crne-gore-i-regiona\/\" \/>\n<meta property=\"og:locale\" content=\"en_US\" \/>\n<meta property=\"og:type\" content=\"article\" \/>\n<meta property=\"og:title\" content=\"Energetika da bude lokomotiva privrednog razvoja Crne Gore i regiona - Solar gradnja\" \/>\n<meta property=\"og:description\" content=\"Obnovljivi izvori energije najva\u017enija su poluga u poslovima koji predstoje u energetskoj tranziciji, a energetika mora da preuzme razvojnu funkciju.\" \/>\n<meta property=\"og:url\" content=\"https:\/\/epcg-sg.com\/lat\/energetika-da-bude-lokomotiva-privrednog-razvoja-crne-gore-i-regiona\/\" \/>\n<meta property=\"og:site_name\" content=\"Solar gradnja\" \/>\n<meta property=\"article:publisher\" content=\"https:\/\/www.facebook.com\/solargradnjaofficialpage\" \/>\n<meta property=\"article:published_time\" content=\"2022-06-05T18:45:49+00:00\" \/>\n<meta property=\"article:modified_time\" content=\"2024-02-12T07:40:25+00:00\" \/>\n<meta property=\"og:image\" content=\"https:\/\/epcg-sg.com\/wp-content\/uploads\/2022\/06\/2a.jpg\" \/>\n\t<meta property=\"og:image:width\" content=\"2048\" \/>\n\t<meta property=\"og:image:height\" content=\"1363\" \/>\n\t<meta property=\"og:image:type\" content=\"image\/jpeg\" \/>\n<meta name=\"author\" content=\"andrija\" \/>\n<meta name=\"twitter:card\" content=\"summary_large_image\" \/>\n<meta name=\"twitter:creator\" content=\"@EpcgSolar\" \/>\n<meta name=\"twitter:site\" content=\"@EpcgSolar\" \/>\n<script type=\"application\/ld+json\" class=\"yoast-schema-graph\">{\"@context\":\"https:\/\/schema.org\",\"@graph\":[{\"@type\":\"Article\",\"@id\":\"https:\/\/epcg-sg.com\/lat\/energetika-da-bude-lokomotiva-privrednog-razvoja-crne-gore-i-regiona\/#article\",\"isPartOf\":{\"@id\":\"https:\/\/epcg-sg.com\/lat\/energetika-da-bude-lokomotiva-privrednog-razvoja-crne-gore-i-regiona\/\"},\"author\":{\"name\":\"andrija\",\"@id\":\"https:\/\/epcg-sg.com\/lat\/#\/schema\/person\/ab3ed7d89cd132bf05a984825ae8b480\"},\"headline\":\"Energetika da bude lokomotiva privrednog razvoja Crne Gore i regiona\",\"datePublished\":\"2022-06-05T18:45:49+00:00\",\"dateModified\":\"2024-02-12T07:40:25+00:00\",\"mainEntityOfPage\":{\"@id\":\"https:\/\/epcg-sg.com\/lat\/energetika-da-bude-lokomotiva-privrednog-razvoja-crne-gore-i-regiona\/\"},\"wordCount\":865,\"publisher\":{\"@id\":\"https:\/\/epcg-sg.com\/lat\/#organization\"},\"image\":{\"@id\":\"https:\/\/epcg-sg.com\/lat\/energetika-da-bude-lokomotiva-privrednog-razvoja-crne-gore-i-regiona\/#primaryimage\"},\"thumbnailUrl\":\"https:\/\/epcg-sg.com\/wp-content\/uploads\/2022\/06\/2a.jpg\",\"articleSection\":[\"Vijesti\"],\"inLanguage\":\"lat\"},{\"@type\":\"WebPage\",\"@id\":\"https:\/\/epcg-sg.com\/lat\/energetika-da-bude-lokomotiva-privrednog-razvoja-crne-gore-i-regiona\/\",\"url\":\"https:\/\/epcg-sg.com\/lat\/energetika-da-bude-lokomotiva-privrednog-razvoja-crne-gore-i-regiona\/\",\"name\":\"Energetika da bude lokomotiva privrednog razvoja Crne Gore i regiona - Solar gradnja\",\"isPartOf\":{\"@id\":\"https:\/\/epcg-sg.com\/lat\/#website\"},\"primaryImageOfPage\":{\"@id\":\"https:\/\/epcg-sg.com\/lat\/energetika-da-bude-lokomotiva-privrednog-razvoja-crne-gore-i-regiona\/#primaryimage\"},\"image\":{\"@id\":\"https:\/\/epcg-sg.com\/lat\/energetika-da-bude-lokomotiva-privrednog-razvoja-crne-gore-i-regiona\/#primaryimage\"},\"thumbnailUrl\":\"https:\/\/epcg-sg.com\/wp-content\/uploads\/2022\/06\/2a.jpg\",\"datePublished\":\"2022-06-05T18:45:49+00:00\",\"dateModified\":\"2024-02-12T07:40:25+00:00\",\"description\":\"Obnovljivi izvori energije najva\u017enija su poluga u poslovima koji predstoje u energetskoj tranziciji, a energetika mora da preuzme razvojnu funkciju.\",\"breadcrumb\":{\"@id\":\"https:\/\/epcg-sg.com\/lat\/energetika-da-bude-lokomotiva-privrednog-razvoja-crne-gore-i-regiona\/#breadcrumb\"},\"inLanguage\":\"lat\",\"potentialAction\":[{\"@type\":\"ReadAction\",\"target\":[\"https:\/\/epcg-sg.com\/lat\/energetika-da-bude-lokomotiva-privrednog-razvoja-crne-gore-i-regiona\/\"]}]},{\"@type\":\"ImageObject\",\"inLanguage\":\"lat\",\"@id\":\"https:\/\/epcg-sg.com\/lat\/energetika-da-bude-lokomotiva-privrednog-razvoja-crne-gore-i-regiona\/#primaryimage\",\"url\":\"https:\/\/epcg-sg.com\/wp-content\/uploads\/2022\/06\/2a.jpg\",\"contentUrl\":\"https:\/\/epcg-sg.com\/wp-content\/uploads\/2022\/06\/2a.jpg\",\"width\":2048,\"height\":1363},{\"@type\":\"BreadcrumbList\",\"@id\":\"https:\/\/epcg-sg.com\/lat\/energetika-da-bude-lokomotiva-privrednog-razvoja-crne-gore-i-regiona\/#breadcrumb\",\"itemListElement\":[{\"@type\":\"ListItem\",\"position\":1,\"name\":\"PO\u010cETNA\",\"item\":\"https:\/\/epcg-sg.com\/lat\/\"},{\"@type\":\"ListItem\",\"position\":2,\"name\":\"Energetika da bude lokomotiva privrednog razvoja Crne Gore i regiona\"}]},{\"@type\":\"WebSite\",\"@id\":\"https:\/\/epcg-sg.com\/lat\/#website\",\"url\":\"https:\/\/epcg-sg.com\/lat\/\",\"name\":\"\u0415\u041f\u0426\u0413 \u0421\u043e\u043b\u0430\u0440 \u0433\u0440\u0430\u0434\u045a\u0430\",\"description\":\"Elektroprivreda Crne Gore\",\"publisher\":{\"@id\":\"https:\/\/epcg-sg.com\/lat\/#organization\"},\"potentialAction\":[{\"@type\":\"SearchAction\",\"target\":{\"@type\":\"EntryPoint\",\"urlTemplate\":\"https:\/\/epcg-sg.com\/lat\/?s={search_term_string}\"},\"query-input\":{\"@type\":\"PropertyValueSpecification\",\"valueRequired\":true,\"valueName\":\"search_term_string\"}}],\"inLanguage\":\"lat\"},{\"@type\":\"Organization\",\"@id\":\"https:\/\/epcg-sg.com\/lat\/#organization\",\"name\":\"EPCG Solar gradnja\",\"url\":\"https:\/\/epcg-sg.com\/lat\/\",\"logo\":{\"@type\":\"ImageObject\",\"inLanguage\":\"lat\",\"@id\":\"https:\/\/epcg-sg.com\/lat\/#\/schema\/logo\/image\/\",\"url\":\"\",\"contentUrl\":\"\",\"caption\":\"EPCG Solar gradnja\"},\"image\":{\"@id\":\"https:\/\/epcg-sg.com\/lat\/#\/schema\/logo\/image\/\"},\"sameAs\":[\"https:\/\/www.facebook.com\/solargradnjaofficialpage\",\"https:\/\/x.com\/EpcgSolar\"]},{\"@type\":\"Person\",\"@id\":\"https:\/\/epcg-sg.com\/lat\/#\/schema\/person\/ab3ed7d89cd132bf05a984825ae8b480\",\"name\":\"andrija\",\"sameAs\":[\"https:\/\/epcg-sg.com\"]}]}<\/script>\n<!-- \/ Yoast SEO plugin. -->","yoast_head_json":{"title":"Energetika da bude lokomotiva privrednog razvoja Crne Gore i regiona - Solar gradnja","description":"Obnovljivi izvori energije najva\u017enija su poluga u poslovima koji predstoje u energetskoj tranziciji, a energetika mora da preuzme razvojnu funkciju.","robots":{"index":"index","follow":"follow","max-snippet":"max-snippet:-1","max-image-preview":"max-image-preview:large","max-video-preview":"max-video-preview:-1"},"canonical":"https:\/\/epcg-sg.com\/lat\/energetika-da-bude-lokomotiva-privrednog-razvoja-crne-gore-i-regiona\/","og_locale":"en_US","og_type":"article","og_title":"Energetika da bude lokomotiva privrednog razvoja Crne Gore i regiona - Solar gradnja","og_description":"Obnovljivi izvori energije najva\u017enija su poluga u poslovima koji predstoje u energetskoj tranziciji, a energetika mora da preuzme razvojnu funkciju.","og_url":"https:\/\/epcg-sg.com\/lat\/energetika-da-bude-lokomotiva-privrednog-razvoja-crne-gore-i-regiona\/","og_site_name":"Solar gradnja","article_publisher":"https:\/\/www.facebook.com\/solargradnjaofficialpage","article_published_time":"2022-06-05T18:45:49+00:00","article_modified_time":"2024-02-12T07:40:25+00:00","og_image":[{"width":2048,"height":1363,"url":"https:\/\/epcg-sg.com\/wp-content\/uploads\/2022\/06\/2a.jpg","type":"image\/jpeg"}],"author":"andrija","twitter_card":"summary_large_image","twitter_creator":"@EpcgSolar","twitter_site":"@EpcgSolar","schema":{"@context":"https:\/\/schema.org","@graph":[{"@type":"Article","@id":"https:\/\/epcg-sg.com\/lat\/energetika-da-bude-lokomotiva-privrednog-razvoja-crne-gore-i-regiona\/#article","isPartOf":{"@id":"https:\/\/epcg-sg.com\/lat\/energetika-da-bude-lokomotiva-privrednog-razvoja-crne-gore-i-regiona\/"},"author":{"name":"andrija","@id":"https:\/\/epcg-sg.com\/lat\/#\/schema\/person\/ab3ed7d89cd132bf05a984825ae8b480"},"headline":"Energetika da bude lokomotiva privrednog razvoja Crne Gore i regiona","datePublished":"2022-06-05T18:45:49+00:00","dateModified":"2024-02-12T07:40:25+00:00","mainEntityOfPage":{"@id":"https:\/\/epcg-sg.com\/lat\/energetika-da-bude-lokomotiva-privrednog-razvoja-crne-gore-i-regiona\/"},"wordCount":865,"publisher":{"@id":"https:\/\/epcg-sg.com\/lat\/#organization"},"image":{"@id":"https:\/\/epcg-sg.com\/lat\/energetika-da-bude-lokomotiva-privrednog-razvoja-crne-gore-i-regiona\/#primaryimage"},"thumbnailUrl":"https:\/\/epcg-sg.com\/wp-content\/uploads\/2022\/06\/2a.jpg","articleSection":["Vijesti"],"inLanguage":"lat"},{"@type":"WebPage","@id":"https:\/\/epcg-sg.com\/lat\/energetika-da-bude-lokomotiva-privrednog-razvoja-crne-gore-i-regiona\/","url":"https:\/\/epcg-sg.com\/lat\/energetika-da-bude-lokomotiva-privrednog-razvoja-crne-gore-i-regiona\/","name":"Energetika da bude lokomotiva privrednog razvoja Crne Gore i regiona - Solar gradnja","isPartOf":{"@id":"https:\/\/epcg-sg.com\/lat\/#website"},"primaryImageOfPage":{"@id":"https:\/\/epcg-sg.com\/lat\/energetika-da-bude-lokomotiva-privrednog-razvoja-crne-gore-i-regiona\/#primaryimage"},"image":{"@id":"https:\/\/epcg-sg.com\/lat\/energetika-da-bude-lokomotiva-privrednog-razvoja-crne-gore-i-regiona\/#primaryimage"},"thumbnailUrl":"https:\/\/epcg-sg.com\/wp-content\/uploads\/2022\/06\/2a.jpg","datePublished":"2022-06-05T18:45:49+00:00","dateModified":"2024-02-12T07:40:25+00:00","description":"Obnovljivi izvori energije najva\u017enija su poluga u poslovima koji predstoje u energetskoj tranziciji, a energetika mora da preuzme razvojnu funkciju.","breadcrumb":{"@id":"https:\/\/epcg-sg.com\/lat\/energetika-da-bude-lokomotiva-privrednog-razvoja-crne-gore-i-regiona\/#breadcrumb"},"inLanguage":"lat","potentialAction":[{"@type":"ReadAction","target":["https:\/\/epcg-sg.com\/lat\/energetika-da-bude-lokomotiva-privrednog-razvoja-crne-gore-i-regiona\/"]}]},{"@type":"ImageObject","inLanguage":"lat","@id":"https:\/\/epcg-sg.com\/lat\/energetika-da-bude-lokomotiva-privrednog-razvoja-crne-gore-i-regiona\/#primaryimage","url":"https:\/\/epcg-sg.com\/wp-content\/uploads\/2022\/06\/2a.jpg","contentUrl":"https:\/\/epcg-sg.com\/wp-content\/uploads\/2022\/06\/2a.jpg","width":2048,"height":1363},{"@type":"BreadcrumbList","@id":"https:\/\/epcg-sg.com\/lat\/energetika-da-bude-lokomotiva-privrednog-razvoja-crne-gore-i-regiona\/#breadcrumb","itemListElement":[{"@type":"ListItem","position":1,"name":"PO\u010cETNA","item":"https:\/\/epcg-sg.com\/lat\/"},{"@type":"ListItem","position":2,"name":"Energetika da bude lokomotiva privrednog razvoja Crne Gore i regiona"}]},{"@type":"WebSite","@id":"https:\/\/epcg-sg.com\/lat\/#website","url":"https:\/\/epcg-sg.com\/lat\/","name":"\u0415\u041f\u0426\u0413 \u0421\u043e\u043b\u0430\u0440 \u0433\u0440\u0430\u0434\u045a\u0430","description":"Elektroprivreda Crne Gore","publisher":{"@id":"https:\/\/epcg-sg.com\/lat\/#organization"},"potentialAction":[{"@type":"SearchAction","target":{"@type":"EntryPoint","urlTemplate":"https:\/\/epcg-sg.com\/lat\/?s={search_term_string}"},"query-input":{"@type":"PropertyValueSpecification","valueRequired":true,"valueName":"search_term_string"}}],"inLanguage":"lat"},{"@type":"Organization","@id":"https:\/\/epcg-sg.com\/lat\/#organization","name":"EPCG Solar gradnja","url":"https:\/\/epcg-sg.com\/lat\/","logo":{"@type":"ImageObject","inLanguage":"lat","@id":"https:\/\/epcg-sg.com\/lat\/#\/schema\/logo\/image\/","url":"","contentUrl":"","caption":"EPCG Solar gradnja"},"image":{"@id":"https:\/\/epcg-sg.com\/lat\/#\/schema\/logo\/image\/"},"sameAs":["https:\/\/www.facebook.com\/solargradnjaofficialpage","https:\/\/x.com\/EpcgSolar"]},{"@type":"Person","@id":"https:\/\/epcg-sg.com\/lat\/#\/schema\/person\/ab3ed7d89cd132bf05a984825ae8b480","name":"andrija","sameAs":["https:\/\/epcg-sg.com"]}]}},"_links":{"self":[{"href":"https:\/\/epcg-sg.com\/lat\/wp-json\/wp\/v2\/posts\/1609","targetHints":{"allow":["GET"]}}],"collection":[{"href":"https:\/\/epcg-sg.com\/lat\/wp-json\/wp\/v2\/posts"}],"about":[{"href":"https:\/\/epcg-sg.com\/lat\/wp-json\/wp\/v2\/types\/post"}],"author":[{"embeddable":true,"href":"https:\/\/epcg-sg.com\/lat\/wp-json\/wp\/v2\/users\/1"}],"replies":[{"embeddable":true,"href":"https:\/\/epcg-sg.com\/lat\/wp-json\/wp\/v2\/comments?post=1609"}],"version-history":[{"count":2,"href":"https:\/\/epcg-sg.com\/lat\/wp-json\/wp\/v2\/posts\/1609\/revisions"}],"predecessor-version":[{"id":3053,"href":"https:\/\/epcg-sg.com\/lat\/wp-json\/wp\/v2\/posts\/1609\/revisions\/3053"}],"wp:featuredmedia":[{"embeddable":true,"href":"https:\/\/epcg-sg.com\/lat\/wp-json\/wp\/v2\/media\/1045"}],"wp:attachment":[{"href":"https:\/\/epcg-sg.com\/lat\/wp-json\/wp\/v2\/media?parent=1609"}],"wp:term":[{"taxonomy":"category","embeddable":true,"href":"https:\/\/epcg-sg.com\/lat\/wp-json\/wp\/v2\/categories?post=1609"},{"taxonomy":"post_tag","embeddable":true,"href":"https:\/\/epcg-sg.com\/lat\/wp-json\/wp\/v2\/tags?post=1609"}],"curies":[{"name":"wp","href":"https:\/\/api.w.org\/{rel}","templated":true}]}}